{"id":32699,"date":"2019-07-05T09:00:36","date_gmt":"2019-07-05T13:00:36","guid":{"rendered":"http:\/\/www.corumbaonline.com.br\/news\/?p=32699"},"modified":"2019-07-05T09:34:14","modified_gmt":"2019-07-05T13:34:14","slug":"em-reuniao-municipio-e-representantes-do-mt-discutem-politica-de-pesca-2","status":"publish","type":"post","link":"https:\/\/www.corumbaonline.com.br\/news\/em-reuniao-municipio-e-representantes-do-mt-discutem-politica-de-pesca-2\/","title":{"rendered":"Em reuni\u00e3o, Munic\u00edpio e representantes do MT discutem pol\u00edtica de pesca"},"content":{"rendered":"<p>Representantes da Assembleia Legislativa de Mato Grosso se encontraram com o prefeito Marcelo Iunes, na manh\u00e3 desta quinta-feira, 04 de julho, para conhecer as normas que regulam os setores da pesca profissional e amadora na bacia do rio Paraguai em Mato Grosso do Sul.<\/p>\n<p>Josemar de Ara\u00fajo Sobrinho, assessor parlamentar do deputado estadual mato-grossense Wilson Santos, explicou ao prefeito que a Assembleia de Mato Grosso debate mudan\u00e7as na pol\u00edtica estadual de desenvolvimento sustent\u00e1vel da pesca e a regula\u00e7\u00e3o das atividades pesqueiras naquele estado.<\/p>\n<p>O governo de Mato Grosso quer proibir, a partir de janeiro de 2020, o transporte, armazenamento e comercializa\u00e7\u00e3o de peixes dos rios do estado por cinco anos. O projeto de lei est\u00e1 em an\u00e1lise pelos deputados daquele estado.<\/p>\n<p>Marcelo Iunes explicou que em junho deste ano Corumb\u00e1 sediou o 1\u00b0 Simp\u00f3sio de Pesca no Pantanal. O Munic\u00edpio entende ser fundamental a discuss\u00e3o em torno da cota zero para a pesca amadora e esportiva. Em Mato Grosso do Sul, o decreto n\u00ba 15.166 \u2013 do governo do Estado &#8211; estabelece a cota zero para o pescado no Estado a partir de 2020.<\/p>\n<p>Tamb\u00e9m participaram da reuni\u00e3o o assessor parlamentar do deputado estadual Rinaldo Modesto (MS) e a diretora-presidente da Funda\u00e7\u00e3o do Meio Ambiente do Pantanal, Ana Cl\u00e1udia Moreira Boabaid, e o vereador Ubiratan Canhete de Campos Filho (Bira).<\/p>\n","protected":false},"excerpt":{"rendered":"<p>Representantes da Assembleia Legislativa de Mato Grosso se encontraram com o prefeito Marcelo Iunes, na&#8230;<\/p>\n","protected":false},"author":1,"featured_media":32700,"comment_status":"closed","ping_status":"closed","sticky":false,"template":"","format":"standard","meta":{"footnotes":""},"categories":[8,19,23],"tags":[],"class_list":["post-32699","post","type-post","status-publish","format-standard","has-post-thumbnail","hentry","category-destaque","category-politica","category-turismo"],"_links":{"self":[{"href":"https:\/\/www.corumbaonline.com.br\/news\/wp-json\/wp\/v2\/posts\/32699","targetHints":{"allow":["GET"]}}],"collection":[{"href":"https:\/\/www.corumbaonline.com.br\/news\/wp-json\/wp\/v2\/posts"}],"about":[{"href":"https:\/\/www.corumbaonline.com.br\/news\/wp-json\/wp\/v2\/types\/post"}],"author":[{"embeddable":true,"href":"https:\/\/www.corumbaonline.com.br\/news\/wp-json\/wp\/v2\/users\/1"}],"replies":[{"embeddable":true,"href":"https:\/\/www.corumbaonline.com.br\/news\/wp-json\/wp\/v2\/comments?post=32699"}],"version-history":[{"count":1,"href":"https:\/\/www.corumbaonline.com.br\/news\/wp-json\/wp\/v2\/posts\/32699\/revisions"}],"predecessor-version":[{"id":32701,"href":"https:\/\/www.corumbaonline.com.br\/news\/wp-json\/wp\/v2\/posts\/32699\/revisions\/32701"}],"wp:featuredmedia":[{"embeddable":true,"href":"https:\/\/www.corumbaonline.com.br\/news\/wp-json\/wp\/v2\/media\/32700"}],"wp:attachment":[{"href":"https:\/\/www.corumbaonline.com.br\/news\/wp-json\/wp\/v2\/media?parent=32699"}],"wp:term":[{"taxonomy":"category","embeddable":true,"href":"https:\/\/www.corumbaonline.com.br\/news\/wp-json\/wp\/v2\/categories?post=32699"},{"taxonomy":"post_tag","embeddable":true,"href":"https:\/\/www.corumbaonline.com.br\/news\/wp-json\/wp\/v2\/tags?post=32699"}],"curies":[{"name":"wp","href":"https:\/\/api.w.org\/{rel}","templated":true}]}}