{"id":32727,"date":"2019-07-05T11:40:55","date_gmt":"2019-07-05T15:40:55","guid":{"rendered":"http:\/\/www.corumbaonline.com.br\/news\/?p=32727"},"modified":"2019-07-05T11:58:04","modified_gmt":"2019-07-05T15:58:04","slug":"administracao-tributaria-conta-com-coordenadoria-especial-de-tecnologia-da-informacao","status":"publish","type":"post","link":"https:\/\/www.corumbaonline.com.br\/news\/administracao-tributaria-conta-com-coordenadoria-especial-de-tecnologia-da-informacao\/","title":{"rendered":"Administra\u00e7\u00e3o tribut\u00e1ria conta com coordenadoria especial de tecnologia da informa\u00e7\u00e3o"},"content":{"rendered":"<p>A Superintend\u00eancia de Administra\u00e7\u00e3o Tribut\u00e1ria (SAT) da Secretaria Estadual de Fazenda (Sefaz) ganhou uma coordenadoria especial para atender as necessidades espec\u00edficas do setor relacionadas \u00e0 tecnologia da informa\u00e7\u00e3o (TI). A Cotin (Coordenadoria Especial de Tecnologia da Informa\u00e7\u00e3o) foi apresentada aos servidores fazend\u00e1rios durante o programa de capacita\u00e7\u00e3o do fisco, Rodada do Conhecimento.<\/p>\n<p>Ministrada pelo Coordenador da Cotin, auditor fiscal da Receita Estadual Cleverton Corazza, a palestra abordou os temas estrutura, integrantes, atividades, realiza\u00e7\u00f5es e desafios. O setor come\u00e7ou a atuar em fevereiro, mas as mudan\u00e7as j\u00e1 s\u00e3o significativas. Corazza destacou que a Sefaz, em especial a SAT, precisava ter uma participa\u00e7\u00e3o maior sobre as defini\u00e7\u00f5es e decis\u00f5es do ponto de vista de investimentos em TI. Segundo o coordenador, esse processo \u00e9 uma tend\u00eancia nacional.<\/p>\n<p>\u201cTer uma melhor gest\u00e3o sobre a qualidade das demandas, a prioriza\u00e7\u00e3o e a documenta\u00e7\u00e3o dos sistemas, aproximar a \u00e1rea de neg\u00f3cio da \u00e1rea de desenvolvimento, redefinir a estrutura dos bancos de dados de maneira a suportar a demanda crescente do volume a ser armazenado e processado v\u00e3o melhorar a efici\u00eancia da arrecada\u00e7\u00e3o e o atendimento ao contribuinte, com respostas mais r\u00e1pidas e preferencialmente via web. Nosso desafio \u00e9 implantar o modelo de gest\u00e3o tem\u00e1tica de sistemas, possibilitando a especializa\u00e7\u00e3o da gest\u00e3o, aperfei\u00e7oando a integra\u00e7\u00e3o e eliminando as ilhas criadas ao longo do tempo\u201d, pontuou Corazza durante a apresenta\u00e7\u00e3o.<\/p>\n<p>O coordenador da Unidade de Capacita\u00e7\u00e3o do N\u00facleo Especial de Moderniza\u00e7\u00e3o da Administra\u00e7\u00e3o Estadual, auditor fiscal Esa\u00fa Rodrigues de Aguiar Neto, explicou que o objetivo do encontro foi mostrar aos servidores a melhoria dos servi\u00e7os, ap\u00f3s a cria\u00e7\u00e3o da coordenadoria.<\/p>\n<p>\u201cA cria\u00e7\u00e3o da Cotin vem trazendo gradativamente a melhoria dos servi\u00e7os prestados pela \u00e1rea de TI para a Fazenda, bem como novos desafios. Antes nossos sistemas eram atendidos pela SGI (Superintend\u00eancia de Gest\u00e3o da Informa\u00e7\u00e3o) como um todo, juntamente com os demais servi\u00e7os prestados pelo Governo do MS. Hoje, a Cotin veio com a proposta de centralizar o atendimento dos servi\u00e7os prestados pelo fisco, na parte de documentos eletr\u00f4nicos e escritura\u00e7\u00e3o fiscal digital por exemplo, com grupo de servidores voltados especificamente para as necessidades da Fazenda P\u00fablica\u201d, destacou.<\/p>\n<p><img loading=\"lazy\" decoding=\"async\" class=\"alignleft size-full wp-image-266341\" src=\"http:\/\/www.ms.gov.br\/wp-content\/uploads\/sites\/150\/2019\/07\/cotin-unidades.jpg\" sizes=\"auto, (max-width: 866px) 100vw, 866px\" srcset=\"http:\/\/www.ms.gov.br\/wp-content\/uploads\/sites\/150\/2019\/07\/cotin-unidades.jpg 866w, http:\/\/www.ms.gov.br\/wp-content\/uploads\/sites\/150\/2019\/07\/cotin-unidades-300x163.jpg 300w, http:\/\/www.ms.gov.br\/wp-content\/uploads\/sites\/150\/2019\/07\/cotin-unidades-768x418.jpg 768w\" alt=\"\" width=\"866\" height=\"471\" \/><\/p>\n","protected":false},"excerpt":{"rendered":"<p>A Superintend\u00eancia de Administra\u00e7\u00e3o Tribut\u00e1ria (SAT) da Secretaria Estadual de Fazenda (Sefaz) ganhou uma coordenadoria&#8230;<\/p>\n","protected":false},"author":1,"featured_media":0,"comment_status":"closed","ping_status":"closed","sticky":false,"template":"","format":"standard","meta":{"footnotes":""},"categories":[9,22],"tags":[],"class_list":["post-32727","post","type-post","status-publish","format-standard","hentry","category-economia","category-tecnologia"],"_links":{"self":[{"href":"https:\/\/www.corumbaonline.com.br\/news\/wp-json\/wp\/v2\/posts\/32727","targetHints":{"allow":["GET"]}}],"collection":[{"href":"https:\/\/www.corumbaonline.com.br\/news\/wp-json\/wp\/v2\/posts"}],"about":[{"href":"https:\/\/www.corumbaonline.com.br\/news\/wp-json\/wp\/v2\/types\/post"}],"author":[{"embeddable":true,"href":"https:\/\/www.corumbaonline.com.br\/news\/wp-json\/wp\/v2\/users\/1"}],"replies":[{"embeddable":true,"href":"https:\/\/www.corumbaonline.com.br\/news\/wp-json\/wp\/v2\/comments?post=32727"}],"version-history":[{"count":1,"href":"https:\/\/www.corumbaonline.com.br\/news\/wp-json\/wp\/v2\/posts\/32727\/revisions"}],"predecessor-version":[{"id":32729,"href":"https:\/\/www.corumbaonline.com.br\/news\/wp-json\/wp\/v2\/posts\/32727\/revisions\/32729"}],"wp:attachment":[{"href":"https:\/\/www.corumbaonline.com.br\/news\/wp-json\/wp\/v2\/media?parent=32727"}],"wp:term":[{"taxonomy":"category","embeddable":true,"href":"https:\/\/www.corumbaonline.com.br\/news\/wp-json\/wp\/v2\/categories?post=32727"},{"taxonomy":"post_tag","embeddable":true,"href":"https:\/\/www.corumbaonline.com.br\/news\/wp-json\/wp\/v2\/tags?post=32727"}],"curies":[{"name":"wp","href":"https:\/\/api.w.org\/{rel}","templated":true}]}}