{"id":3285,"date":"2017-04-19T08:15:10","date_gmt":"2017-04-19T12:15:10","guid":{"rendered":"http:\/\/www.corumbaonline.com.br\/news\/?p=3285"},"modified":"2017-04-19T07:49:55","modified_gmt":"2017-04-19T11:49:55","slug":"100-dias-meio-ambiente-retoma-trabalho-de-podas-e-busca-solucao-para-pevs","status":"publish","type":"post","link":"https:\/\/www.corumbaonline.com.br\/news\/100-dias-meio-ambiente-retoma-trabalho-de-podas-e-busca-solucao-para-pevs\/","title":{"rendered":"100 dias: Meio Ambiente retoma trabalho de podas e busca solu\u00e7\u00e3o para PEVs"},"content":{"rendered":"<p>Uma das primeiras medidas adotadas pela Funda\u00e7\u00e3o de Meio Ambiente do Pantanal nesta nossa gest\u00e3o do prefeito Ruiter Cunha de Oliveira foi reiniciar o trabalho de poda de \u00e1rvores, servi\u00e7o que estava suspenso em Corumb\u00e1 h\u00e1 mais de 1 ano. A a\u00e7\u00e3o foi realizada por servidores do Viveiro Municipal com o apoio da Secretaria Municipal de Infraestrutura e Servi\u00e7os P\u00fablicos.<\/p>\n<p>&nbsp;<\/p>\n<p>Al\u00e9m de embelezar a cidade, a poda garante mais seguran\u00e7a para pedestres e motoristas, uma vez que impede a queda de galhos e facilita a vis\u00e3o aos sinais de tr\u00e2nsito nas vias urbanas da cidade. Outra importante inciativa da pasta foi o diagn\u00f3stico minucioso sobre a coloca\u00e7\u00e3o e utiliza\u00e7\u00e3o dos PEVs (Pontos de Entregas Volunt\u00e1rias).<\/p>\n<p>&nbsp;<\/p>\n<p>Adquiridos em conv\u00eanio com a Funasa, os PEVs atenderiam o Projeto de Coleta Seletiva, mas em muitos locais acabaram se tornando transtorno aos moradores por causa do mau uso dos equipamentos. O estudo identificou a exist\u00eancia de 271 PEVs em vias p\u00fablicas, sem manuten\u00e7\u00e3o, 23 danificados recolhidos no p\u00e1tio da Prefeitura e nove extraviados. Uma solu\u00e7\u00e3o definitiva para essa situa\u00e7\u00e3o est\u00e1 sendo batida com a comunidade.<\/p>\n<p>&nbsp;<\/p>\n<p>A contrata\u00e7\u00e3o de duas t\u00e9cnicas para o N\u00facleo de Educa\u00e7\u00e3o Ambiental e de uma gerente para o setor serviu para ampliar o trabalho de conscientiza\u00e7\u00e3o feito porta-a-porta. O servi\u00e7o j\u00e1 foi realizado de forma ampliada nos bairros Vit\u00f3ria R\u00e9gia e Popular Velha e no Centro. Mais de 200 casas foram atendidas com informa\u00e7\u00f5es sobre coleta seletiva, res\u00edduos s\u00f3lidos, corte e poda de \u00e1rvores.<\/p>\n<p>&nbsp;<\/p>\n<p>Em menos de 30 dias, a Funda\u00e7\u00e3o conseguiu ainda concluir o processo de licenciamento ambiental do Porto Fluvial de Corumb\u00e1 junto ao Ibama. A licen\u00e7a de opera\u00e7\u00e3o, j\u00e1 enviada a Antaq, salvaguardou o Munic\u00edpio de poss\u00edveis multas futuras. Para ampliar o servi\u00e7o oferecido a popula\u00e7\u00e3o, 10 t\u00e9cnicos foram contratados para refor\u00e7ar os setores de fiscaliza\u00e7\u00e3o e licenciamento ambiental.<\/p>\n<p>&nbsp;<\/p>\n<p>\u201cAcreditamos que todas essas metas foram alcan\u00e7adas, em t\u00e3o curto espa\u00e7o de tempo, pois tivemos o total e irrestrito apoio de toda a Administra\u00e7\u00e3o municipal, que n\u00e3o mediu esfor\u00e7os para nos auxiliar, nos dando condi\u00e7\u00f5es de trabalho, melhorando sal\u00e1rios e infraestrutura e, consequentemente, a qualidade de vida de nossos servidores\u201d, afirmou a diretora-presidente da Funda\u00e7\u00e3o de Meio Ambiente, Ana Cl\u00e1udia Boabaid.<\/p>\n","protected":false},"excerpt":{"rendered":"<p>Uma das primeiras medidas adotadas pela Funda\u00e7\u00e3o de Meio Ambiente do Pantanal nesta nossa gest\u00e3o&#8230;<\/p>\n","protected":false},"author":1,"featured_media":3286,"comment_status":"closed","ping_status":"closed","sticky":false,"template":"","format":"standard","meta":{"footnotes":""},"categories":[8,17],"tags":[],"class_list":["post-3285","post","type-post","status-publish","format-standard","has-post-thumbnail","hentry","category-destaque","category-meio-ambiente"],"_links":{"self":[{"href":"https:\/\/www.corumbaonline.com.br\/news\/wp-json\/wp\/v2\/posts\/3285","targetHints":{"allow":["GET"]}}],"collection":[{"href":"https:\/\/www.corumbaonline.com.br\/news\/wp-json\/wp\/v2\/posts"}],"about":[{"href":"https:\/\/www.corumbaonline.com.br\/news\/wp-json\/wp\/v2\/types\/post"}],"author":[{"embeddable":true,"href":"https:\/\/www.corumbaonline.com.br\/news\/wp-json\/wp\/v2\/users\/1"}],"replies":[{"embeddable":true,"href":"https:\/\/www.corumbaonline.com.br\/news\/wp-json\/wp\/v2\/comments?post=3285"}],"version-history":[{"count":1,"href":"https:\/\/www.corumbaonline.com.br\/news\/wp-json\/wp\/v2\/posts\/3285\/revisions"}],"predecessor-version":[{"id":3287,"href":"https:\/\/www.corumbaonline.com.br\/news\/wp-json\/wp\/v2\/posts\/3285\/revisions\/3287"}],"wp:featuredmedia":[{"embeddable":true,"href":"https:\/\/www.corumbaonline.com.br\/news\/wp-json\/wp\/v2\/media\/3286"}],"wp:attachment":[{"href":"https:\/\/www.corumbaonline.com.br\/news\/wp-json\/wp\/v2\/media?parent=3285"}],"wp:term":[{"taxonomy":"category","embeddable":true,"href":"https:\/\/www.corumbaonline.com.br\/news\/wp-json\/wp\/v2\/categories?post=3285"},{"taxonomy":"post_tag","embeddable":true,"href":"https:\/\/www.corumbaonline.com.br\/news\/wp-json\/wp\/v2\/tags?post=3285"}],"curies":[{"name":"wp","href":"https:\/\/api.w.org\/{rel}","templated":true}]}}