{"id":3299,"date":"2017-04-19T09:28:02","date_gmt":"2017-04-19T13:28:02","guid":{"rendered":"http:\/\/www.corumbaonline.com.br\/news\/?p=3299"},"modified":"2017-04-19T09:52:41","modified_gmt":"2017-04-19T13:52:41","slug":"senai-encerra-dia-28-inscricoes-dos-cursos-de-mba-e-de-extensao-em-parceria-com-espm","status":"publish","type":"post","link":"https:\/\/www.corumbaonline.com.br\/news\/senai-encerra-dia-28-inscricoes-dos-cursos-de-mba-e-de-extensao-em-parceria-com-espm\/","title":{"rendered":"Senai encerra dia 28 inscri\u00e7\u00f5es dos cursos de MBA e de extens\u00e3o em parceria com ESPM"},"content":{"rendered":"<p>O Senai encerra, no pr\u00f3ximo dia 28 de abril, as inscri\u00e7\u00f5es para os cursos de MBA em Gest\u00e3o de Neg\u00f3cios e de extens\u00e3o em Opera\u00e7\u00f5es Log\u00edsticas e Supply Chain oferecidos em parceria com a ESPM nas cidades de Campo Grande, Dourados e Tr\u00eas Lagoas. Os interessados devem se inscrever no site <strong><a href=\"http:\/\/www.meufuturoagora.com.br\/\">www.meufuturoagora.com.br<\/a><\/strong> e as informa\u00e7\u00f5es sobre o processo seletivo, no caso do MBA, e sobre a matr\u00edcula, no caso do curso de extens\u00e3o, ser\u00e3o encaminhadas via e-mail no ato da inscri\u00e7\u00e3o.<\/p>\n<p>&nbsp;<\/p>\n<p>Segundo o diretor-regional do Senai, Jesner Escandolhero, ambos os cursos atendem \u00e0 demanda da Ind\u00fastria local. \u201cTrata-se da segunda turma do MBA em Gest\u00e3o de Neg\u00f3cios. Desde a finaliza\u00e7\u00e3o da primeira turma, em dezembro de 2014, v\u00ednhamos recebendo contatos de pessoas interessadas. No caso do curso de extens\u00e3o, foi feita uma sondagem e, assim, identificada a demanda\u201d, refor\u00e7ou.<\/p>\n<p>&nbsp;<\/p>\n<p>Ele ressalta ainda que a nova oferta de cursos consolida uma parceria antiga com a ESPM de S\u00e3o Paulo. \u201cO objetivo \u00e9 oferecer \u00e0s empresas sul-mato-grossenses e aos funcion\u00e1rios das ind\u00fastrias do Estado uma qualifica\u00e7\u00e3o do mais alto n\u00edvel, para que eles possam exercer com excel\u00eancia as suas atribui\u00e7\u00f5es. A vantagem \u00e9 a expertise do Senai e o diferencial que a ESPM proporciona ao ofertar um curso de MBA em Campo Grande aos pre\u00e7os de S\u00e3o Paulo\u201d, frisou.<\/p>\n<p>&nbsp;<\/p>\n<p>Para o pr\u00f3-reitor de p\u00f3s-gradua\u00e7\u00e3o Lato Sensu da ESPM, Tatsuo Iwata Neto, a Fiems \u00e9 a \u00fanica federa\u00e7\u00e3o industrial com que a ESPM mant\u00e9m parceria. \u201cNossa avalia\u00e7\u00e3o a respeito da rela\u00e7\u00e3o entre a ESPM e o Senai de Mato Grosso do Sul \u00e9 extremamente positiva. Tanto que ela \u00e9 encarada como um excelente cart\u00e3o de visitas para projetos futuros\u201d, frisou.<\/p>\n<p>&nbsp;<\/p>\n<p>Tatsuo Iwata lembrou ainda que a ESPM nasceu de uma preocupa\u00e7\u00e3o que as empresas tinham de desenvolver o mercado por meio da forma\u00e7\u00e3o de seus profissionais, ideologia compartilhada pelo Senai. \u201cEsse conv\u00eanio est\u00e1 totalmente alinhado ao nosso objetivo de encontrar parcerias estrat\u00e9gicas que tenham converg\u00eancia de prop\u00f3sitos\u201d, afirmou.<\/p>\n<p>&nbsp;<\/p>\n<p><strong>Saiba mais<\/strong><\/p>\n<p>&nbsp;<\/p>\n<p>O curso de MBA em Gest\u00e3o de Neg\u00f3cios ter\u00e1 dura\u00e7\u00e3o aproximada de 18 meses com aulas presenciais \u00e0s sextas-feiras, das 18h30 \u00e0s 22h30, e aos s\u00e1bados, das 8 \u00e0s 12 horas e das 13 \u00e0s 17 horas. As aulas ter\u00e3o in\u00edcio no dia 5 de maio em Campo Grande e em Tr\u00eas Lagoas, enquanto em Dourados a primeira aula est\u00e1 marcada para o dia 12 de maio.<\/p>\n<p>&nbsp;<\/p>\n<p>O curso possui uma estrutura que concilia o desenvolvimento de compet\u00eancias b\u00e1sicas essenciais para a gest\u00e3o de neg\u00f3cios com a forma\u00e7\u00e3o executiva, buscando sempre o equil\u00edbrio entre conceitos cl\u00e1ssicos da administra\u00e7\u00e3o e suas aplica\u00e7\u00f5es pr\u00e1ticas. J\u00e1 o curso de extens\u00e3o em Opera\u00e7\u00f5es Log\u00edsticas e Supply Chain ter\u00e1 dura\u00e7\u00e3o aproximada de 1 m\u00eas com aulas \u00e0s sextas-feiras, das 18h30 \u00e0s 22h30, e aos s\u00e1bados, das 8 \u00e0s 12 horas e das 13 \u00e0s 17 horas.<\/p>\n<p>&nbsp;<\/p>\n<p>As aulas ter\u00e3o in\u00edcio no dia 5 de maio em Campo Grande e em Tr\u00eas Lagoas, enquanto em Dourados a primeira aula est\u00e1 marcada para o dia 7 de maio. O curso oferece aos profissionais que atuam nas ind\u00fastrias e servi\u00e7os uma vis\u00e3o ampla de quest\u00f5es e desafios \u00e0 gest\u00e3o das cadeias de suprimentos e opera\u00e7\u00f5es log\u00edsticas.<\/p>\n","protected":false},"excerpt":{"rendered":"<p>O Senai encerra, no pr\u00f3ximo dia 28 de abril, as inscri\u00e7\u00f5es para os cursos de&#8230;<\/p>\n","protected":false},"author":1,"featured_media":0,"comment_status":"closed","ping_status":"closed","sticky":false,"template":"","format":"standard","meta":{"footnotes":""},"categories":[10],"tags":[],"class_list":["post-3299","post","type-post","status-publish","format-standard","hentry","category-educacao"],"_links":{"self":[{"href":"https:\/\/www.corumbaonline.com.br\/news\/wp-json\/wp\/v2\/posts\/3299","targetHints":{"allow":["GET"]}}],"collection":[{"href":"https:\/\/www.corumbaonline.com.br\/news\/wp-json\/wp\/v2\/posts"}],"about":[{"href":"https:\/\/www.corumbaonline.com.br\/news\/wp-json\/wp\/v2\/types\/post"}],"author":[{"embeddable":true,"href":"https:\/\/www.corumbaonline.com.br\/news\/wp-json\/wp\/v2\/users\/1"}],"replies":[{"embeddable":true,"href":"https:\/\/www.corumbaonline.com.br\/news\/wp-json\/wp\/v2\/comments?post=3299"}],"version-history":[{"count":1,"href":"https:\/\/www.corumbaonline.com.br\/news\/wp-json\/wp\/v2\/posts\/3299\/revisions"}],"predecessor-version":[{"id":3300,"href":"https:\/\/www.corumbaonline.com.br\/news\/wp-json\/wp\/v2\/posts\/3299\/revisions\/3300"}],"wp:attachment":[{"href":"https:\/\/www.corumbaonline.com.br\/news\/wp-json\/wp\/v2\/media?parent=3299"}],"wp:term":[{"taxonomy":"category","embeddable":true,"href":"https:\/\/www.corumbaonline.com.br\/news\/wp-json\/wp\/v2\/categories?post=3299"},{"taxonomy":"post_tag","embeddable":true,"href":"https:\/\/www.corumbaonline.com.br\/news\/wp-json\/wp\/v2\/tags?post=3299"}],"curies":[{"name":"wp","href":"https:\/\/api.w.org\/{rel}","templated":true}]}}