{"id":33291,"date":"2019-07-27T08:48:40","date_gmt":"2019-07-27T12:48:40","guid":{"rendered":"http:\/\/www.corumbaonline.com.br\/news\/?p=33291"},"modified":"2019-07-26T16:58:44","modified_gmt":"2019-07-26T20:58:44","slug":"gestao-integrada-da-fundtur-com-sebrae-injeta-r-108-milhoes-no-turismo-de-ms","status":"publish","type":"post","link":"https:\/\/www.corumbaonline.com.br\/news\/gestao-integrada-da-fundtur-com-sebrae-injeta-r-108-milhoes-no-turismo-de-ms\/","title":{"rendered":"Gest\u00e3o integrada da Fundtur com Sebrae injeta R$ 10,8 milh\u00f5es no turismo de MS"},"content":{"rendered":"<p>As a\u00e7\u00f5es desenvolvidas de forma integrada pela Funda\u00e7\u00e3o de Turismo de Mato Grosso do Sul (Fundtur) e Sebrae, com a participa\u00e7\u00e3o do Sistema S, e os investimentos do Governo do Estado em infraestrutura aeroportu\u00e1ria e rodovi\u00e1ria v\u00e3o estimular o crescimento do fluxo tur\u00edstico regional em 5% esse ano. Novos voos, melhores acessos e servi\u00e7os e promo\u00e7\u00e3o dos destinos integram as estrat\u00e9gias da funda\u00e7\u00e3o.<\/p>\n<p>Conv\u00eanio assinado na quinta-feira (25) por estas institui\u00e7\u00f5es, dentro do programa federal Investe Turismo, refor\u00e7a o plano de a\u00e7\u00e3o que vem sendo desenvolvido desde 2017 pelo Estado e injeta R$ 750 mil nos pequenos neg\u00f3cios do trade tur\u00edstico. Os investimentos para fortalecer o setor em 2019 somam mais de R$ 10,8 milh\u00f5es, sendo R$ 6,8 milh\u00f5es do Sebrae e R$ 4 milh\u00f5es do Governo do Estado, que tamb\u00e9m destinar\u00e1 aporte para obras de infraestrutura.<\/p>\n<p><strong>Mais voos e turistas<\/strong><\/p>\n<p>O diretor-presidente da Fundtur-MS, Bruno Wendling, estima que o n\u00famero de turistas visitando Mato Grosso do Sul esse ano pode chegar a 1 milh\u00e3o, com novos voos para Campo Grande, cujo aeroporto ser\u00e1 ampliado, e a tend\u00eancia de Bonito superar os \u00faltimos tr\u00eas anos em entrada de visitantes em mais de 250 mil visitantes. Em 2018, segundo dados do Observat\u00f3rio do Turismo, 500 mil turistas desembarcaram no aeroporto da Capital.<\/p>\n<p>\u201cEstimamos um aumento de visitantes ao Estado em 5%, nos pr\u00f3ximos anos, elevando tamb\u00e9m a taxa de ocupa\u00e7\u00e3o hoteleira de Campo Grande e Bonito ao patamar de 60%\u201d, projeta Wendling, salientando que o turismo em alguns destinos, como Bonito e Pantanal, n\u00e3o \u00e9 de massa, n\u00e3o competindo com o litoral. Ele lembrou, ainda, que em 2018 Mato Grosso do Sul foi eleito o Estado mais hospitaleiro, um ativo da maior import\u00e2ncia para atrair novos turistas.<\/p>\n<div id=\"attachment_268858\" class=\"wp-caption alignnone\"><a href=\"http:\/\/www.ms.gov.br\/wp-content\/uploads\/sites\/150\/2019\/07\/Assinatura-de-conv%C3%AAnio-entre-Funda%C3%A7%C3%A3o-de-Turismo-e-Sebrae-Foto-Edemir-Rodrigues-5.jpg\"><img loading=\"lazy\" decoding=\"async\" class=\"wp-image-268858 size-full\" src=\"http:\/\/www.ms.gov.br\/wp-content\/uploads\/sites\/150\/2019\/07\/Assinatura-de-conv%C3%AAnio-entre-Funda%C3%A7%C3%A3o-de-Turismo-e-Sebrae-Foto-Edemir-Rodrigues-5.jpg\" sizes=\"auto, (max-width: 2000px) 100vw, 2000px\" srcset=\"http:\/\/www.ms.gov.br\/wp-content\/uploads\/sites\/150\/2019\/07\/Assinatura-de-conv\u00eanio-entre-Funda\u00e7\u00e3o-de-Turismo-e-Sebrae-Foto-Edemir-Rodrigues-5.jpg 2000w, http:\/\/www.ms.gov.br\/wp-content\/uploads\/sites\/150\/2019\/07\/Assinatura-de-conv\u00eanio-entre-Funda\u00e7\u00e3o-de-Turismo-e-Sebrae-Foto-Edemir-Rodrigues-5-300x166.jpg 300w, http:\/\/www.ms.gov.br\/wp-content\/uploads\/sites\/150\/2019\/07\/Assinatura-de-conv\u00eanio-entre-Funda\u00e7\u00e3o-de-Turismo-e-Sebrae-Foto-Edemir-Rodrigues-5-768x425.jpg 768w, http:\/\/www.ms.gov.br\/wp-content\/uploads\/sites\/150\/2019\/07\/Assinatura-de-conv\u00eanio-entre-Funda\u00e7\u00e3o-de-Turismo-e-Sebrae-Foto-Edemir-Rodrigues-5-1024x567.jpg 1024w\" alt=\"\" width=\"2000\" height=\"1107\" \/><\/a><\/p>\n<p class=\"wp-caption-text\"><em>Assinatura do conv\u00eanio contou com a presen\u00e7a do secret\u00e1rio-adjunto da Segov, Fl\u00e1vio C\u00e9sar Mendes de Oliveira (\u00e0 direita)<\/em><\/p>\n<\/div>\n<p><strong>Gest\u00e3o integrada<\/strong><\/p>\n<p>Conforme o conv\u00eanio assinado, o Sebrae ter\u00e1 a gest\u00e3o dos recursos do Investe Turismo (R$ 750 mil), enquanto a Fundtur executar\u00e1 o plano estrat\u00e9gico que est\u00e1 sendo desenvolvido h\u00e1 dois anos. \u201cVamos dar continuidade \u00e0 linha de a\u00e7\u00f5es, que ser\u00e3o potencializadas com o programa federal\u201d, afirma o diretor-presidente da funda\u00e7\u00e3o. \u201cAo contr\u00e1rio de outros estados, n\u00e3o recebemos pacote de fora para dentro, as a\u00e7\u00f5es j\u00e1 est\u00e3o acontecendo desde 2017.\u201d<\/p>\n<p>A gest\u00e3o integrada envolve o Sistema S e inclui a\u00e7\u00f5es estrat\u00e9gicas nas \u00e1reas de qualifica\u00e7\u00e3o, promo\u00e7\u00e3o e comercializa\u00e7\u00e3o dos destinos, fortalecimento do micro e pequeno empreendedor e inova\u00e7\u00e3o tecnol\u00f3gica. O Sebrae contratar\u00e1 uma empresa especializada na capta\u00e7\u00e3o de novos voos para Campo Grande, Bonito e Corumb\u00e1, tento como atratividade o programa Decola MS, onde o Estado reduziu o ICMS do querosene de avia\u00e7\u00e3o de 17% para entre 12% e 1,41%.<\/p>\n<p><strong>Gera\u00e7\u00e3o de renda<\/strong><\/p>\n<p>O diretor-superintendente do Sebrae\/MS, Claudio Mendon\u00e7a, refor\u00e7a que as a\u00e7\u00f5es s\u00e3o resultado de um trabalho integrado para o desenvolvimento. \u201cOs parceiros, o Sebrae, Senai, Senac e Senar, est\u00e3o neste processo ajudando a Funda\u00e7\u00e3o de Turismo na qualifica\u00e7\u00e3o deste empreendimento para quem receber o nosso turista, e divulgando para fora, e o Estado fazendo toda a parte de infraestrutura, como reforma de aeroportos e rodovias\u201d, afirma.<\/p>\n<p>\u201cO turismo \u00e9 a atividade econ\u00f4mica que pode trazer uma nova fonte de renda, 99% das empresas s\u00e3o pequenos neg\u00f3cios, ou seja, o dinheiro fica no local\u201d, segundo Mendon\u00e7a. Hoje, o Sebrae atende 150 clientes do setor, capacitando os empres\u00e1rios em diversas \u00e1reas, n\u00famero que vai dobrar com o novo aporte de recursos. \u201cVamos preparar as empresas para as rodadas de neg\u00f3cios\u201d, disse Rodrigo Maia, gerente de Competitividade Empresarial da institui\u00e7\u00e3o.<\/p>\n<p>A assinatura do conv\u00eanio, realizada na sede da Fundtur-MS, no Parque das Na\u00e7\u00f5es Ind\u00edgenas, em Campo Grande, contou com a presen\u00e7a do secret\u00e1rio-adjunto da Segov (secretaria estadual de Governo), Fl\u00e1vio C\u00e9sar Mendes de Oliveira.<\/p>\n","protected":false},"excerpt":{"rendered":"<p>As a\u00e7\u00f5es desenvolvidas de forma integrada pela Funda\u00e7\u00e3o de Turismo de Mato Grosso do Sul&#8230;<\/p>\n","protected":false},"author":1,"featured_media":33292,"comment_status":"closed","ping_status":"closed","sticky":false,"template":"","format":"standard","meta":{"footnotes":""},"categories":[23],"tags":[],"class_list":["post-33291","post","type-post","status-publish","format-standard","has-post-thumbnail","hentry","category-turismo"],"_links":{"self":[{"href":"https:\/\/www.corumbaonline.com.br\/news\/wp-json\/wp\/v2\/posts\/33291","targetHints":{"allow":["GET"]}}],"collection":[{"href":"https:\/\/www.corumbaonline.com.br\/news\/wp-json\/wp\/v2\/posts"}],"about":[{"href":"https:\/\/www.corumbaonline.com.br\/news\/wp-json\/wp\/v2\/types\/post"}],"author":[{"embeddable":true,"href":"https:\/\/www.corumbaonline.com.br\/news\/wp-json\/wp\/v2\/users\/1"}],"replies":[{"embeddable":true,"href":"https:\/\/www.corumbaonline.com.br\/news\/wp-json\/wp\/v2\/comments?post=33291"}],"version-history":[{"count":1,"href":"https:\/\/www.corumbaonline.com.br\/news\/wp-json\/wp\/v2\/posts\/33291\/revisions"}],"predecessor-version":[{"id":33293,"href":"https:\/\/www.corumbaonline.com.br\/news\/wp-json\/wp\/v2\/posts\/33291\/revisions\/33293"}],"wp:featuredmedia":[{"embeddable":true,"href":"https:\/\/www.corumbaonline.com.br\/news\/wp-json\/wp\/v2\/media\/33292"}],"wp:attachment":[{"href":"https:\/\/www.corumbaonline.com.br\/news\/wp-json\/wp\/v2\/media?parent=33291"}],"wp:term":[{"taxonomy":"category","embeddable":true,"href":"https:\/\/www.corumbaonline.com.br\/news\/wp-json\/wp\/v2\/categories?post=33291"},{"taxonomy":"post_tag","embeddable":true,"href":"https:\/\/www.corumbaonline.com.br\/news\/wp-json\/wp\/v2\/tags?post=33291"}],"curies":[{"name":"wp","href":"https:\/\/api.w.org\/{rel}","templated":true}]}}