{"id":3341,"date":"2017-04-19T14:17:50","date_gmt":"2017-04-19T18:17:50","guid":{"rendered":"http:\/\/www.corumbaonline.com.br\/news\/?p=3341"},"modified":"2017-04-19T13:02:15","modified_gmt":"2017-04-19T17:02:15","slug":"dia-do-exercito-e-comemorado-em-solenidade-no-17o-batalhao-de-fronteira","status":"publish","type":"post","link":"https:\/\/www.corumbaonline.com.br\/news\/dia-do-exercito-e-comemorado-em-solenidade-no-17o-batalhao-de-fronteira\/","title":{"rendered":"Dia do Ex\u00e9rcito \u00e9 comemorado em solenidade no 17\u00ba Batalh\u00e3o de Fronteira"},"content":{"rendered":"<p>O Dia do Ex\u00e9rcito, celebrado nesta quarta-feira, 19 de abril, foi comemorado no 17\u00b0 Batalh\u00e3o de Fronteira. A solenidade c\u00edvico-militar foi coordenada pelo general de brigada Jo\u00e3o Denison Maia Correia e contou com a presen\u00e7a do prefeito de Corumb\u00e1, Ruiter Cunha de Oliveira, do prefeito de Lad\u00e1rio, Carlos Anibal Ruso Pedrozo, e diversas autoridades.<\/p>\n<p>&nbsp;<\/p>\n<p>&#8220;O Ex\u00e9rcito \u00e9 uma institui\u00e7\u00e3o de grande conceito e credibilidade entre a popula\u00e7\u00e3o brasileira e aqui, na comunidade corumbaense, tamb\u00e9m goza de um grande prestigio\u201d, destacou o prefeito de Corumb\u00e1, ressaltando a participa\u00e7\u00e3o efetiva das For\u00e7as Armadas no cotidiano da regi\u00e3o pantaneira.<\/p>\n<p>&nbsp;<\/p>\n<p>\u201cSempre que solicitado, o Ex\u00e9rcito, assim como as demais For\u00e7as atuantes aqui, fazem muito al\u00e9m de sua atua\u00e7\u00e3o institucional, mostrando-se parceiros da comunidade e do Poder P\u00fablico&#8221;, concluiu Ruiter.<\/p>\n<p>&nbsp;<\/p>\n<p><strong>Hist\u00f3ria<\/strong><\/p>\n<p>&nbsp;<\/p>\n<p>A hist\u00f3ria do Ex\u00e9rcito na regi\u00e3o remonta \u00e0 ocupa\u00e7\u00e3o do territ\u00f3rio matogrossense, iniciada nas a\u00e7\u00f5es dos bandeirantes, na busca por pedras e metais preciosos. Estas expedi\u00e7\u00f5es pioneiras levaram \u00e0 descoberta do ouro no in\u00edcio do s\u00e9culo XVIII e a consequente atra\u00e7\u00e3o do povoamento, que veio ao encontro do objetivo portugu\u00eas de consolidar a posse dos territ\u00f3rios a Oeste do Meridiano de Tordesilhas.<\/p>\n<p>&nbsp;<\/p>\n<p>Uma das consequ\u00eancias foi a cria\u00e7\u00e3o, em 1748, da Capitania de Mato Grosso, desmembrando-se de S\u00e3o Paulo. O primeiro Capit\u00e3o-General foi D. Ant\u00f4nio Rolim de Moura Tavares, que chegou com ordens expressas para instalar o governo \u00e0s margens do rio Guapor\u00e9. Entretanto, foi 4\u00ba Capit\u00e3o-General, Lu\u00edz de Albuquerque de Melo Pereira e C\u00e1ceres que deveu-se a consolida\u00e7\u00e3o da defesa dos territ\u00f3rios conquistados.<\/p>\n<p>&nbsp;<\/p>\n<p>Durante os dezessete anos de seu governo (1772 &#8211; 1789), lutou contra os espanh\u00f3is, reprimiu subleva\u00e7\u00f5es, debelou ataque de \u00edndios, desbravou territ\u00f3rios e mandou construir o Pres\u00eddio de Nova Coimbra (1775), hoje o Forte de Coimbra; o Forte de Pr\u00edncipe da Beira, em 1776 e a Povoa\u00e7\u00e3o de Albuquerque, que mais tarde se chamaria Corumb\u00e1.<\/p>\n<p>&nbsp;<\/p>\n<p>Na administra\u00e7\u00e3o de Melo e C\u00e1ceres, a constru\u00e7\u00e3o do Forte de Coimbra merece destaque, posto que foi estrat\u00e9gico e fundamental para a consolida\u00e7\u00e3o do territ\u00f3rio na parte sul do Rio Paraguai. Sob o comando do Coronel Ricardo Franco, o Forte de Coimbra foi reformado a partir de 1796 e, mesmo sem estar totalmente conclu\u00eddo, auxiliado por \u00edndios Guaicurus, resistiu heroicamente contra a invas\u00e3o espanhola em 1801.<\/p>\n<p>&nbsp;<\/p>\n<p>Em Decreto Real, de 1\u00ba de outubro 1821, o Pr\u00edncipe Regente D. PEDRO I criou o Governo das Armas da Capitania de Mato Grosso e uma das consequ\u00eancias foi a transfer\u00eancia, em 1827, do COMANDO GERAL DA FRONTEIRA para a regi\u00e3o de Albuquerque Nova, hoje um distrito, distante cerca de 70 Km de Corumb\u00e1. Em 1850 ocorre sua transfer\u00eancia para Coimbra, por conta do incidente do Fecho dos Morros com os paraguaios e, em 1853, \u00e9 transferido para Corumb\u00e1, ent\u00e3o chamada de Albuquerque Velha.<\/p>\n<p>&nbsp;<\/p>\n<p>Com a eclos\u00e3o da Guerra da Tr\u00edplice Alian\u00e7a, a cidade de Corumb\u00e1 foi invadida pelas tropas paraguaias e permaneceu sob seu dom\u00ednio at\u00e9 13 de junho de 1867. Couberam as tropas brasileiras comandadas pelo Tenente-Coronel ANT\u00d4NIO MARIA COELHO retomar Corumb\u00e1, restabelecendo a presen\u00e7a militar na localidade por meio do Distrito Militar do Baixo Paraguai que, em 1868, tinha como Unidades subordinadas o 2\u00ba Batalh\u00e3o de Artilharia a P\u00e9 e o 1\u00ba Corpo de Cavalaria de Guarni\u00e7\u00e3o da Prov\u00edncia.<\/p>\n<p>&nbsp;<\/p>\n<p>No in\u00edcio do s\u00e9culo XX, o Distrito Militar do Baixo Paraguai foi substitu\u00eddo pela 13\u00aa Regi\u00e3o de Inspe\u00e7\u00e3o Permanente, tendo em sua composi\u00e7\u00e3o, em 1908, o 3\u00ba Batalh\u00e3o de Artilharia de Posi\u00e7\u00e3o; o 13\u00ba Regimento de Infantaria; o Hospital Geral; o Dep\u00f3sito de Intend\u00eancia; todos na cidade de Corumb\u00e1 e ainda, o Sanat\u00f3rio Militar, localizado na regi\u00e3o do Urucum, utilizado para tratamento dos berib\u00e9ricos. A partir de 1915, a 13\u00aa Regi\u00e3o passou a ser a 1\u00aa Circunscri\u00e7\u00e3o Militar do Mato Grosso, permanecendo na cidade de Corumb\u00e1 at\u00e9 1921, quando foi transferida para a Campo Grande, atual capital do estado.Neste mesmo ano de 1921, pelo Decreto n\u00ba 15.235 de 31 de dezembro, foi criada a Brigada Mista, com sede em Campo Grande e depois Aquidauana. Esta Grande Unidade foi a precursora da cria\u00e7\u00e3o da 2\u00aa Brigada Mista, em Corumb\u00e1, estabelecida pelo Decreto n\u00ba 9.352 de 12 de junho de 1946.<\/p>\n<p>&nbsp;<\/p>\n<p>Com a miss\u00e3o de coordenar Unidades e Destacamentos de Fronteira, a 2\u00aa Brigada Mista reviveu as tarefas do Comando Geral da Fronteira e do Distrito Militar do Baixo Paraguai e, em 10 de dezembro de 1980, recebeu a denomina\u00e7\u00e3o hist\u00f3rica de \u201cBRIGADA RICARDO FRANCO\u201d, como justa homenagem ao her\u00f3i da resist\u00eancia do Forte de Coimbra ao inimigo espanhol em 1801.<\/p>\n<p>&nbsp;<\/p>\n<p>Em 18 de dezembro de 1985, a 2\u00aa Brigada Mista foi extinta, dando origem \u00e0 18\u00aa Brigada de Infantaria de Fronteira, que manteve sua denomina\u00e7\u00e3o hist\u00f3rica. Seu estandarte foi aprovado pela Portaria Ministerial n\u00ba 480, de 17 de mar\u00e7o de 1988 e \u00e9 composto de antigos s\u00edmbolos da Brigada Mista: a Cruz de Cristo, s\u00edmbolo de Unidade de Fronteira; e uma chave de prata, simbolizando vigil\u00e2ncia e guarda.<\/p>\n<p>&nbsp;<\/p>\n<p>A 18\u00aa Brigada de Infantaria de Fronteira \u00e9 a sucessora hist\u00f3rica do Comando Geral da Fronteira e de outros comandos que estabeleceram e mantiveram os nossos limites neste rinc\u00e3o do BRASIL. A 18\u00aa Bda Inf Fron \u00e9 composta atualmente pelo 17\u00ba Batalh\u00e3o de Fronteira, em Corumb\u00e1-MS; o 47\u00ba Batalh\u00e3o de Infantaria, em Coxim-MS; 2\u00aa Companhia Fronteira, em Porto Murtinho-MS; a 3\u00aa Companhia de Fronteira e Forte Coimbra. em Corumb\u00e1-MS e a Companhia de Comando da 18\u00aa Brigada de Infantaria de Fronteira junto ao Quartel-General tamb\u00e9m em Corumb\u00e1-MS.<\/p>\n","protected":false},"excerpt":{"rendered":"<p>O Dia do Ex\u00e9rcito, celebrado nesta quarta-feira, 19 de abril, foi comemorado no 17\u00b0 Batalh\u00e3o&#8230;<\/p>\n","protected":false},"author":1,"featured_media":3342,"comment_status":"closed","ping_status":"closed","sticky":false,"template":"","format":"standard","meta":{"footnotes":""},"categories":[8,14],"tags":[],"class_list":["post-3341","post","type-post","status-publish","format-standard","has-post-thumbnail","hentry","category-destaque","category-geral"],"_links":{"self":[{"href":"https:\/\/www.corumbaonline.com.br\/news\/wp-json\/wp\/v2\/posts\/3341","targetHints":{"allow":["GET"]}}],"collection":[{"href":"https:\/\/www.corumbaonline.com.br\/news\/wp-json\/wp\/v2\/posts"}],"about":[{"href":"https:\/\/www.corumbaonline.com.br\/news\/wp-json\/wp\/v2\/types\/post"}],"author":[{"embeddable":true,"href":"https:\/\/www.corumbaonline.com.br\/news\/wp-json\/wp\/v2\/users\/1"}],"replies":[{"embeddable":true,"href":"https:\/\/www.corumbaonline.com.br\/news\/wp-json\/wp\/v2\/comments?post=3341"}],"version-history":[{"count":1,"href":"https:\/\/www.corumbaonline.com.br\/news\/wp-json\/wp\/v2\/posts\/3341\/revisions"}],"predecessor-version":[{"id":3343,"href":"https:\/\/www.corumbaonline.com.br\/news\/wp-json\/wp\/v2\/posts\/3341\/revisions\/3343"}],"wp:featuredmedia":[{"embeddable":true,"href":"https:\/\/www.corumbaonline.com.br\/news\/wp-json\/wp\/v2\/media\/3342"}],"wp:attachment":[{"href":"https:\/\/www.corumbaonline.com.br\/news\/wp-json\/wp\/v2\/media?parent=3341"}],"wp:term":[{"taxonomy":"category","embeddable":true,"href":"https:\/\/www.corumbaonline.com.br\/news\/wp-json\/wp\/v2\/categories?post=3341"},{"taxonomy":"post_tag","embeddable":true,"href":"https:\/\/www.corumbaonline.com.br\/news\/wp-json\/wp\/v2\/tags?post=3341"}],"curies":[{"name":"wp","href":"https:\/\/api.w.org\/{rel}","templated":true}]}}