{"id":33670,"date":"2019-08-13T10:52:51","date_gmt":"2019-08-13T14:52:51","guid":{"rendered":"http:\/\/www.corumbaonline.com.br\/news\/?p=33670"},"modified":"2019-08-13T12:09:28","modified_gmt":"2019-08-13T16:09:28","slug":"policia-militar-prende-homem-foragido-da-justica-na-area-central-de-corumba","status":"publish","type":"post","link":"https:\/\/www.corumbaonline.com.br\/news\/policia-militar-prende-homem-foragido-da-justica-na-area-central-de-corumba\/","title":{"rendered":"Pol\u00edcia Militar prende homem foragido da Justi\u00e7a na \u00e1rea central de Corumb\u00e1"},"content":{"rendered":"<p><span style=\"color: #212529;\"><span style=\"font-family: apple-system, BlinkMacSystemFont, Segoe UI, Roboto, Helvetica Neue, Arial, sans-serif, Apple Color Emoji, Segoe UI Emoji, Segoe UI Symbol;\"><span style=\"font-size: medium;\"><span style=\"color: #000000;\"><span style=\"font-family: Open Sans, sans-serif;\"><span style=\"font-size: large;\">A guarni\u00e7\u00e3o da For\u00e7a <\/span><\/span><\/span><span style=\"color: #000000;\"><span style=\"font-family: Open Sans, sans-serif;\"><span style=\"font-size: large;\">T<\/span><\/span><\/span><span style=\"color: #000000;\"><span style=\"font-family: Open Sans, sans-serif;\"><span style=\"font-size: large;\">\u00e1tica da Pol\u00edcia Militar <\/span><\/span><\/span><span style=\"color: #000000;\"><span style=\"font-family: Open Sans, sans-serif;\"><span style=\"font-size: large;\">prendeu um homem de 25 anos por volta das 22h desta segunda-feira, 12 de agosto, na \u00e1rea central de Corumb\u00e1. <\/span><\/span><\/span><\/span><\/span><\/span><\/p>\n<p><span style=\"color: #212529;\"><span style=\"font-family: apple-system, BlinkMacSystemFont, Segoe UI, Roboto, Helvetica Neue, Arial, sans-serif, Apple Color Emoji, Segoe UI Emoji, Segoe UI Symbol;\"><span style=\"font-size: medium;\"><span style=\"color: #000000;\"><span style=\"font-family: Open Sans, sans-serif;\"><span style=\"font-size: large;\">A equipe realizava rondas <\/span><\/span><\/span><span style=\"color: #000000;\"><span style=\"font-family: Open Sans, sans-serif;\"><span style=\"font-size: large;\">ostensiv<\/span><\/span><\/span><span style=\"color: #000000;\"><span style=\"font-family: Open Sans, sans-serif;\"><span style=\"font-size: large;\">as<\/span><\/span><\/span><span style=\"color: #000000;\"><span style=\"font-family: Open Sans, sans-serif;\"><span style=\"font-size: large;\"> preventiv<\/span><\/span><\/span><span style=\"color: #000000;\"><span style=\"font-family: Open Sans, sans-serif;\"><span style=\"font-size: large;\">as<\/span><\/span><\/span><span style=\"color: #000000;\"><span style=\"font-family: Open Sans, sans-serif;\"><span style=\"font-size: large;\"> por diversos bairros de Corumb\u00e1, <\/span><\/span><\/span><span style=\"color: #000000;\"><span style=\"font-family: Open Sans, sans-serif;\"><span style=\"font-size: large;\">quando se deparou com o indiv\u00edduo na rua 13 de Junho. Durante a revista pessoal, nada de il\u00edcito foi encontrado. Por\u00e9m, ao ter os dados checados no sistema, os policiais constataram um mandado de pris\u00e3o em aberto contra o suspeito que foi encaminhado \u00e0 Delegacia de Pol\u00edcia Civil.<\/span><\/span><\/span><\/span><\/span><\/span><\/p>\n","protected":false},"excerpt":{"rendered":"<p>A guarni\u00e7\u00e3o da For\u00e7a T\u00e1tica da Pol\u00edcia Militar prendeu um homem de 25 anos por&#8230;<\/p>\n","protected":false},"author":1,"featured_media":33671,"comment_status":"closed","ping_status":"closed","sticky":false,"template":"","format":"standard","meta":{"footnotes":""},"categories":[18],"tags":[],"class_list":["post-33670","post","type-post","status-publish","format-standard","has-post-thumbnail","hentry","category-seguranca"],"_links":{"self":[{"href":"https:\/\/www.corumbaonline.com.br\/news\/wp-json\/wp\/v2\/posts\/33670","targetHints":{"allow":["GET"]}}],"collection":[{"href":"https:\/\/www.corumbaonline.com.br\/news\/wp-json\/wp\/v2\/posts"}],"about":[{"href":"https:\/\/www.corumbaonline.com.br\/news\/wp-json\/wp\/v2\/types\/post"}],"author":[{"embeddable":true,"href":"https:\/\/www.corumbaonline.com.br\/news\/wp-json\/wp\/v2\/users\/1"}],"replies":[{"embeddable":true,"href":"https:\/\/www.corumbaonline.com.br\/news\/wp-json\/wp\/v2\/comments?post=33670"}],"version-history":[{"count":1,"href":"https:\/\/www.corumbaonline.com.br\/news\/wp-json\/wp\/v2\/posts\/33670\/revisions"}],"predecessor-version":[{"id":33672,"href":"https:\/\/www.corumbaonline.com.br\/news\/wp-json\/wp\/v2\/posts\/33670\/revisions\/33672"}],"wp:featuredmedia":[{"embeddable":true,"href":"https:\/\/www.corumbaonline.com.br\/news\/wp-json\/wp\/v2\/media\/33671"}],"wp:attachment":[{"href":"https:\/\/www.corumbaonline.com.br\/news\/wp-json\/wp\/v2\/media?parent=33670"}],"wp:term":[{"taxonomy":"category","embeddable":true,"href":"https:\/\/www.corumbaonline.com.br\/news\/wp-json\/wp\/v2\/categories?post=33670"},{"taxonomy":"post_tag","embeddable":true,"href":"https:\/\/www.corumbaonline.com.br\/news\/wp-json\/wp\/v2\/tags?post=33670"}],"curies":[{"name":"wp","href":"https:\/\/api.w.org\/{rel}","templated":true}]}}