{"id":3375,"date":"2017-04-20T10:40:57","date_gmt":"2017-04-20T14:40:57","guid":{"rendered":"http:\/\/www.corumbaonline.com.br\/news\/?p=3375"},"modified":"2017-04-20T10:53:29","modified_gmt":"2017-04-20T14:53:29","slug":"ms-participa-da-2a-edicao-fit-pantanal-que-tem-como-tema-a-sustentabilidade","status":"publish","type":"post","link":"https:\/\/www.corumbaonline.com.br\/news\/ms-participa-da-2a-edicao-fit-pantanal-que-tem-como-tema-a-sustentabilidade\/","title":{"rendered":"MS participa da 2\u00aa edi\u00e7\u00e3o FIT Pantanal que tem como tema a sustentabilidade"},"content":{"rendered":"<p>Os destinos tur\u00edsticos sul-mato-grossenses ser\u00e3o representados na 2\u00aa edi\u00e7\u00e3o da Feira Internacional do Turismo do Pantanal (FIT Pantanal). A Funda\u00e7\u00e3o de Turismo de Mato Grosso do Sul (Fundtur), por meio da Secretaria de Meio Ambiente, Desenvolvimento Econ\u00f4mico, Produ\u00e7\u00e3o e Agricultura Familiar (Semagro), contar\u00e1 com um estande para a exposi\u00e7\u00e3o de material promocional e atendimento ao p\u00fablico interessado no turismo do Estado.<\/p>\n<p>Com o tema \u201cSustentabilidade para o Desenvolvimento do Turismo\u201d, o evento acontece de 20 a 23 de abril de 2017, no Centro de Eventos do Pantanal, em Cuiab\u00e1 (MT). Nos quatro dias de programa\u00e7\u00e3o da Feira, ocorrer\u00e3o encontros institucionais, palestras, oficinas, atendimento empresarial, al\u00e9m de serem apresentados produtos de turismo de aventura, social e cultural.<\/p>\n<p>O diretor-presidente da Fundtur, Bruno Wendling, destaca a relev\u00e2ncia da participa\u00e7\u00e3o do Estado na FIT Pantanal. \u201cEstarmos num evento onde a sustentabilidade \u00e9 o principal tema discutido \u00e9 de extrema import\u00e2ncia, j\u00e1 que Mato Grosso do Sul \u00e9 reconhecido como um destino de turismo sustent\u00e1vel e respons\u00e1vel. Al\u00e9m disso, uma \u00f3tima oportunidade de aproxima\u00e7\u00e3o\u00a0com o estado de Mato Grosso e de integra\u00e7\u00e3o do Pantanal\u201d, salienta.<\/p>\n<p>Foi organizada tamb\u00e9m uma caravana, em parceria com o Sebrae, para que os empres\u00e1rios do setor tur\u00edstico sul-mato-grossense\u00a0 participem da rodada de neg\u00f3cios que acontecer\u00e1 durante o evento.<\/p>\n","protected":false},"excerpt":{"rendered":"<p>Os destinos tur\u00edsticos sul-mato-grossenses ser\u00e3o representados na 2\u00aa edi\u00e7\u00e3o da Feira Internacional do Turismo do&#8230;<\/p>\n","protected":false},"author":1,"featured_media":0,"comment_status":"closed","ping_status":"closed","sticky":false,"template":"","format":"standard","meta":{"footnotes":""},"categories":[23],"tags":[],"class_list":["post-3375","post","type-post","status-publish","format-standard","hentry","category-turismo"],"_links":{"self":[{"href":"https:\/\/www.corumbaonline.com.br\/news\/wp-json\/wp\/v2\/posts\/3375","targetHints":{"allow":["GET"]}}],"collection":[{"href":"https:\/\/www.corumbaonline.com.br\/news\/wp-json\/wp\/v2\/posts"}],"about":[{"href":"https:\/\/www.corumbaonline.com.br\/news\/wp-json\/wp\/v2\/types\/post"}],"author":[{"embeddable":true,"href":"https:\/\/www.corumbaonline.com.br\/news\/wp-json\/wp\/v2\/users\/1"}],"replies":[{"embeddable":true,"href":"https:\/\/www.corumbaonline.com.br\/news\/wp-json\/wp\/v2\/comments?post=3375"}],"version-history":[{"count":1,"href":"https:\/\/www.corumbaonline.com.br\/news\/wp-json\/wp\/v2\/posts\/3375\/revisions"}],"predecessor-version":[{"id":3376,"href":"https:\/\/www.corumbaonline.com.br\/news\/wp-json\/wp\/v2\/posts\/3375\/revisions\/3376"}],"wp:attachment":[{"href":"https:\/\/www.corumbaonline.com.br\/news\/wp-json\/wp\/v2\/media?parent=3375"}],"wp:term":[{"taxonomy":"category","embeddable":true,"href":"https:\/\/www.corumbaonline.com.br\/news\/wp-json\/wp\/v2\/categories?post=3375"},{"taxonomy":"post_tag","embeddable":true,"href":"https:\/\/www.corumbaonline.com.br\/news\/wp-json\/wp\/v2\/tags?post=3375"}],"curies":[{"name":"wp","href":"https:\/\/api.w.org\/{rel}","templated":true}]}}