{"id":33978,"date":"2019-08-22T10:29:53","date_gmt":"2019-08-22T14:29:53","guid":{"rendered":"http:\/\/www.corumbaonline.com.br\/news\/?p=33978"},"modified":"2019-08-22T15:03:32","modified_gmt":"2019-08-22T19:03:32","slug":"turismo-discute-acoes-para-o-quadrimestre-final-do-ano-com-trade","status":"publish","type":"post","link":"https:\/\/www.corumbaonline.com.br\/news\/turismo-discute-acoes-para-o-quadrimestre-final-do-ano-com-trade\/","title":{"rendered":"Turismo discute a\u00e7\u00f5es para o quadrimestre final do ano com trade"},"content":{"rendered":"<p>A Prefeitura Municipal, por meio da Funda\u00e7\u00e3o de Turismo do Pantanal, reuniu os empres\u00e1rios do trade tur\u00edstico para apresentar as a\u00e7\u00f5es que ser\u00e3o desenvolvidas nos \u00faltimos quatro meses do ano. A diretora-presidente da Funda\u00e7\u00e3o, Elis\u00e2ngela Sienna da Costa Oliva, s\u00e3o oito metas a serem cumpridas.<\/p>\n<p>S\u00e3o elas: entrega do Terminal Rodovi\u00e1rio Intermunicipal reformado e equipado; reforma do Complexo do Cristo Rei do Pantanal; conclus\u00e3o do trabalho de elabora\u00e7\u00e3o do Plano Municipal de Turismo; execu\u00e7\u00e3o de tr\u00eas etapas do Programa de Qualifica\u00e7\u00e3o para o Bom Atendimento do Turista; lan\u00e7amento de novos materiais para divulga\u00e7\u00e3o dos atrativos; participa\u00e7\u00e3o junto com os empres\u00e1rios de duas feiras nacionais (Pesca Trade Show e ABAV 2019); o VII FEGASA: I Circuito Gastron\u00f4mico da Carne do Jacar\u00e9 e a constru\u00e7\u00e3o, junto com empres\u00e1rios e COMTUR, da lei que institui a Taxa do Turismo Sustent\u00e1vel.<\/p>\n<p>Segundo a diretora-presidente, \u201c\u00e9 o momento de unir for\u00e7as para consolidar Corumb\u00e1 como refer\u00eancia no turismo regional, nacional e internacional. Temos as belezas naturais, grandes empreendimentos, povo hospitaleiro, bastando fazer com que as engrenagens dessa ind\u00fastria nos projete rumo ao desenvolvimento\u201d.<\/p>\n","protected":false},"excerpt":{"rendered":"<p>A Prefeitura Municipal, por meio da Funda\u00e7\u00e3o de Turismo do Pantanal, reuniu os empres\u00e1rios do&#8230;<\/p>\n","protected":false},"author":1,"featured_media":33979,"comment_status":"closed","ping_status":"closed","sticky":false,"template":"","format":"standard","meta":{"footnotes":""},"categories":[23],"tags":[],"class_list":["post-33978","post","type-post","status-publish","format-standard","has-post-thumbnail","hentry","category-turismo"],"_links":{"self":[{"href":"https:\/\/www.corumbaonline.com.br\/news\/wp-json\/wp\/v2\/posts\/33978","targetHints":{"allow":["GET"]}}],"collection":[{"href":"https:\/\/www.corumbaonline.com.br\/news\/wp-json\/wp\/v2\/posts"}],"about":[{"href":"https:\/\/www.corumbaonline.com.br\/news\/wp-json\/wp\/v2\/types\/post"}],"author":[{"embeddable":true,"href":"https:\/\/www.corumbaonline.com.br\/news\/wp-json\/wp\/v2\/users\/1"}],"replies":[{"embeddable":true,"href":"https:\/\/www.corumbaonline.com.br\/news\/wp-json\/wp\/v2\/comments?post=33978"}],"version-history":[{"count":1,"href":"https:\/\/www.corumbaonline.com.br\/news\/wp-json\/wp\/v2\/posts\/33978\/revisions"}],"predecessor-version":[{"id":33980,"href":"https:\/\/www.corumbaonline.com.br\/news\/wp-json\/wp\/v2\/posts\/33978\/revisions\/33980"}],"wp:featuredmedia":[{"embeddable":true,"href":"https:\/\/www.corumbaonline.com.br\/news\/wp-json\/wp\/v2\/media\/33979"}],"wp:attachment":[{"href":"https:\/\/www.corumbaonline.com.br\/news\/wp-json\/wp\/v2\/media?parent=33978"}],"wp:term":[{"taxonomy":"category","embeddable":true,"href":"https:\/\/www.corumbaonline.com.br\/news\/wp-json\/wp\/v2\/categories?post=33978"},{"taxonomy":"post_tag","embeddable":true,"href":"https:\/\/www.corumbaonline.com.br\/news\/wp-json\/wp\/v2\/tags?post=33978"}],"curies":[{"name":"wp","href":"https:\/\/api.w.org\/{rel}","templated":true}]}}