{"id":33997,"date":"2019-08-22T15:06:11","date_gmt":"2019-08-22T19:06:11","guid":{"rendered":"http:\/\/www.corumbaonline.com.br\/news\/?p=33997"},"modified":"2019-08-22T16:38:01","modified_gmt":"2019-08-22T20:38:01","slug":"entidades-de-ms-apresentam-projeto-sobre-turismo-e-garantem-parceria-com-a-sudeco","status":"publish","type":"post","link":"https:\/\/www.corumbaonline.com.br\/news\/entidades-de-ms-apresentam-projeto-sobre-turismo-e-garantem-parceria-com-a-sudeco\/","title":{"rendered":"Entidades de MS apresentam projeto sobre turismo e garantem parceria com a Sudeco"},"content":{"rendered":"<p>Representantes das institui\u00e7\u00f5es do setor produtivo de Mato Grosso do Sul, Fecom\u00e9rcio-MS, Fiems e Sebrae, da Funda\u00e7\u00e3o de Turismo (FundTur-MS) e da Secretaria de Meio Ambiente, Desenvolvimento Econ\u00f4mico, Produ\u00e7\u00e3o e Agricultura Familiar (Semagro), participaram na tarde dessa ter\u00e7a-feira (20) de uma reuni\u00e3o na Superintend\u00eancia do Desenvolvimento do Centro-Oeste (Sudeco) e apresentaram ao superintendente, Nelson Vieira Fraga Filho, e ao diretor de Planejamento e Avalia\u00e7\u00e3o (DPA\/Sudeco), Jo\u00e3o Balestra do Carmo Filho, o projeto Observat\u00f3rios de Turismo de Mato Grosso do Sul, que pretende incentivar o desenvolvimento do turismo no Estado. Mais de 500 segmentos ser\u00e3o diretamente impactados pela iniciativa.<\/p>\n<p>Segundo o diretor-presidente da FundTur, Bruno Wendling, atualmente est\u00e3o sendo implantados ou reestruturados seis observat\u00f3rios, &#8220;selecionados por volume da gera\u00e7\u00e3o de turismo&#8221;, nas cidades de Campo Grande, Bonito, Dourados, Tr\u00eas Lagoas, Corumb\u00e1 e Ponta Por\u00e3. Wendling explicou que uma das primeiras a\u00e7\u00f5es dos Observat\u00f3rios \u00e9 o desenvolvimento de um software espec\u00edfico, que &#8220;consolide de fato os dados para que os empres\u00e1rios tenham motiva\u00e7\u00e3o para investir no turismo do Centro-Oeste em todo o Mato Grosso do Sul, que inclusive pode ser futuramente replicada para outros entes federativos da regi\u00e3o&#8221;.<\/p>\n<p>O coordenador de Economia e Estat\u00edstica da Semagro, Daniel Massen Frainer, falou que a ferramenta visa &#8220;encontrar o ponto de estrangulamento do setor e o adensamento de cadeias produtivas, tra\u00e7ando estrat\u00e9gias de atratividade de novos investimentos&#8221;. Complementando a fala do coordenador, a economista da Fecom\u00e9rcio-MS, Daniela Dias, afirmou a import\u00e2ncia da matriz insumo-produto utilizada na Federa\u00e7\u00e3o para todo o Estado. &#8220;Ela impacta, inclusive, na formula\u00e7\u00e3o de projetos de lei e na orienta\u00e7\u00e3o das quest\u00f5es tribut\u00e1rias, sendo tamb\u00e9m estrat\u00e9gica em termos econ\u00f4micos&#8221;, esclareceu.<\/p>\n<p>Para o superintendente da Sudeco, \u00e9 de interesse da Superintend\u00eancia apoiar institucionalmente e financeiramente os Observat\u00f3rios, pois o projeto est\u00e1 na linha do foco de atua\u00e7\u00e3o da DPA na atual gest\u00e3o, mas que \u00e9 necess\u00e1rio fazer um raio-x na realidade do setor no Estado. &#8220;O valor, de R$ 1.534.456,00, n\u00e3o \u00e9 problema para a Sudeco, mas queremos apoiar aqueles que tem projetos tamb\u00e9m a buscar outras fontes de recursos, que inclusive ser\u00e3o mais f\u00e1ceis de serem obtidas, como as emendas parlamentares, ou bancos internacionais, como o Banco Internacional do Desenvolvimento BID. Queremos construir junto com esses projetos um modelo de neg\u00f3cio, e ser uma parceria em que a atua\u00e7\u00e3o seja uma via de m\u00e3o dupla. Podemos, institucionalmente, sermos fomentadores de recursos fazendo um projeto tur\u00edstico inteligente, pois mesmo com o bloqueio de recursos por parte do governo federal, em fun\u00e7\u00e3o das reformas estruturais, podemos superar a dificuldade financeira com criatividade&#8221;, afirmou.<\/p>\n<p>O presidente do Sistema Fecom\u00e9rcio-MS, Edison Ara\u00fajo, lembrou que o Estado j\u00e1 tem investido em capacita\u00e7\u00e3o, por meio das a\u00e7\u00f5es do Sistema. &#8220;Foram R$ 18 milh\u00f5es do Senac em uma escola de capacita\u00e7\u00e3o em turismo e gastronomia, em Campo Grande, um centro de refer\u00eancia na qualifica\u00e7\u00e3o profissional. Ponta Por\u00e3, Aquidauana e Corumb\u00e1 tamb\u00e9m est\u00e3o se tornando polos de gastronomia e hotelaria; mais R$ 25 milh\u00f5es para constru\u00e7\u00e3o do Jardim Bot\u00e2nico de Bonito, e investimentos de R$ 2,5 milh\u00f5es para restaura\u00e7\u00e3o de pr\u00e9dios antigos e transforma\u00e7\u00e3o em complexos culturais&#8221;, detalhou o presidente.<\/p>\n","protected":false},"excerpt":{"rendered":"<p>Representantes das institui\u00e7\u00f5es do setor produtivo de Mato Grosso do Sul, Fecom\u00e9rcio-MS, Fiems e Sebrae,&#8230;<\/p>\n","protected":false},"author":1,"featured_media":0,"comment_status":"closed","ping_status":"closed","sticky":false,"template":"","format":"standard","meta":{"footnotes":""},"categories":[23],"tags":[],"class_list":["post-33997","post","type-post","status-publish","format-standard","hentry","category-turismo"],"_links":{"self":[{"href":"https:\/\/www.corumbaonline.com.br\/news\/wp-json\/wp\/v2\/posts\/33997","targetHints":{"allow":["GET"]}}],"collection":[{"href":"https:\/\/www.corumbaonline.com.br\/news\/wp-json\/wp\/v2\/posts"}],"about":[{"href":"https:\/\/www.corumbaonline.com.br\/news\/wp-json\/wp\/v2\/types\/post"}],"author":[{"embeddable":true,"href":"https:\/\/www.corumbaonline.com.br\/news\/wp-json\/wp\/v2\/users\/1"}],"replies":[{"embeddable":true,"href":"https:\/\/www.corumbaonline.com.br\/news\/wp-json\/wp\/v2\/comments?post=33997"}],"version-history":[{"count":1,"href":"https:\/\/www.corumbaonline.com.br\/news\/wp-json\/wp\/v2\/posts\/33997\/revisions"}],"predecessor-version":[{"id":33998,"href":"https:\/\/www.corumbaonline.com.br\/news\/wp-json\/wp\/v2\/posts\/33997\/revisions\/33998"}],"wp:attachment":[{"href":"https:\/\/www.corumbaonline.com.br\/news\/wp-json\/wp\/v2\/media?parent=33997"}],"wp:term":[{"taxonomy":"category","embeddable":true,"href":"https:\/\/www.corumbaonline.com.br\/news\/wp-json\/wp\/v2\/categories?post=33997"},{"taxonomy":"post_tag","embeddable":true,"href":"https:\/\/www.corumbaonline.com.br\/news\/wp-json\/wp\/v2\/tags?post=33997"}],"curies":[{"name":"wp","href":"https:\/\/api.w.org\/{rel}","templated":true}]}}