{"id":3411,"date":"2017-04-20T16:10:27","date_gmt":"2017-04-20T20:10:27","guid":{"rendered":"http:\/\/www.corumbaonline.com.br\/news\/?p=3411"},"modified":"2017-04-20T15:22:14","modified_gmt":"2017-04-20T19:22:14","slug":"censo-escolar-prorroga-coleta-de-dados-para-25-de-abril","status":"publish","type":"post","link":"https:\/\/www.corumbaonline.com.br\/news\/censo-escolar-prorroga-coleta-de-dados-para-25-de-abril\/","title":{"rendered":"Censo Escolar prorroga coleta de dados para 25 de abril"},"content":{"rendered":"<p>O Instituto Nacional de Estudos e Pesquisas Educacionais An\u00edsio Teixeira (Inep) prorrogou para o dia 25 deste m\u00eas o prazo para encerramento da coleta de dados do m\u00f3dulo Situa\u00e7\u00e3o do Aluno do Censo Escolar. O prazo original terminou ter\u00e7a-feira (18). Nessa etapa, s\u00e3o coletadas informa\u00e7\u00f5es sobre rendimento e movimento, ao final do ano letivo, dos alunos que foram declarados na Matr\u00edcula Inicial do Censo Escolar.<\/p>\n<p>Os dados s\u00e3o usados no c\u00e1lculo das taxas de rendimento \u2013 aprova\u00e7\u00e3o, reprova\u00e7\u00e3o e abandono \u2013, fundamentais para verifica\u00e7\u00e3o e acompanhamento do rendimento escolar de cada uma das escolas e dos munic\u00edpios do pa\u00eds.<\/p>\n<p>Segundo o Inep, a Coordena\u00e7\u00e3o-Geral do Censo Escolar sugere que os usu\u00e1rios do sistema Educacenso usem o tempo adicional para confer\u00eancia e corre\u00e7\u00f5es de poss\u00edveis erros na informa\u00e7\u00e3o de rendimento alcan\u00e7ado pelos alunos declarados no Censo Escolar 2016.<\/p>\n<p><strong>Etapas<\/strong><\/p>\n<p>O Censo Escolar \u00e9 o principal instrumento de coleta de informa\u00e7\u00f5es da educa\u00e7\u00e3o b\u00e1sica e o mais importante levantamento estat\u00edstico educacional brasileiro nessa \u00e1rea.<\/p>\n<p>A coleta de dados das escolas tem car\u00e1ter declarat\u00f3rio e \u00e9 dividida em duas etapas. A primeira consiste no preenchimento da matr\u00edcula inicial, quando s\u00e3o colhidas informa\u00e7\u00f5es sobre os estabelecimentos de ensino, turmas, alunos e profissionais escolares em sala de aula. Na segunda etapa, s\u00e3o fornecidas informa\u00e7\u00f5es sobre a situa\u00e7\u00e3o do aluno e considerados os dados sobre o movimento e rendimento escolar dos alunos, ao final do ano letivo.<\/p>\n","protected":false},"excerpt":{"rendered":"<p>O Instituto Nacional de Estudos e Pesquisas Educacionais An\u00edsio Teixeira (Inep) prorrogou para o dia&#8230;<\/p>\n","protected":false},"author":1,"featured_media":0,"comment_status":"closed","ping_status":"closed","sticky":false,"template":"","format":"standard","meta":{"footnotes":""},"categories":[10],"tags":[],"class_list":["post-3411","post","type-post","status-publish","format-standard","hentry","category-educacao"],"_links":{"self":[{"href":"https:\/\/www.corumbaonline.com.br\/news\/wp-json\/wp\/v2\/posts\/3411","targetHints":{"allow":["GET"]}}],"collection":[{"href":"https:\/\/www.corumbaonline.com.br\/news\/wp-json\/wp\/v2\/posts"}],"about":[{"href":"https:\/\/www.corumbaonline.com.br\/news\/wp-json\/wp\/v2\/types\/post"}],"author":[{"embeddable":true,"href":"https:\/\/www.corumbaonline.com.br\/news\/wp-json\/wp\/v2\/users\/1"}],"replies":[{"embeddable":true,"href":"https:\/\/www.corumbaonline.com.br\/news\/wp-json\/wp\/v2\/comments?post=3411"}],"version-history":[{"count":1,"href":"https:\/\/www.corumbaonline.com.br\/news\/wp-json\/wp\/v2\/posts\/3411\/revisions"}],"predecessor-version":[{"id":3412,"href":"https:\/\/www.corumbaonline.com.br\/news\/wp-json\/wp\/v2\/posts\/3411\/revisions\/3412"}],"wp:attachment":[{"href":"https:\/\/www.corumbaonline.com.br\/news\/wp-json\/wp\/v2\/media?parent=3411"}],"wp:term":[{"taxonomy":"category","embeddable":true,"href":"https:\/\/www.corumbaonline.com.br\/news\/wp-json\/wp\/v2\/categories?post=3411"},{"taxonomy":"post_tag","embeddable":true,"href":"https:\/\/www.corumbaonline.com.br\/news\/wp-json\/wp\/v2\/tags?post=3411"}],"curies":[{"name":"wp","href":"https:\/\/api.w.org\/{rel}","templated":true}]}}