{"id":34113,"date":"2019-08-26T08:32:16","date_gmt":"2019-08-26T12:32:16","guid":{"rendered":"http:\/\/www.corumbaonline.com.br\/news\/?p=34113"},"modified":"2019-08-26T09:48:27","modified_gmt":"2019-08-26T13:48:27","slug":"g7-libera-r-91-milhoes-para-amazonia-e-anuncia-apoio-a-plano-de-reflorestamento","status":"publish","type":"post","link":"https:\/\/www.corumbaonline.com.br\/news\/g7-libera-r-91-milhoes-para-amazonia-e-anuncia-apoio-a-plano-de-reflorestamento\/","title":{"rendered":"G7 libera R$ 91 milh\u00f5es para Amaz\u00f4nia e anuncia apoio a plano de reflorestamento"},"content":{"rendered":"<p>A c\u00fapula do G7 chegou nesta segunda-feira (26) a um acordo para ajudar a combater as queimadas na Floresta Amaz\u00f4nica.<\/p>\n<p>Os l\u00edderes do grupo &#8211; formado por Alemanha, Canad\u00e1, Estados Unidos, Fran\u00e7a, It\u00e1lia, Jap\u00e3o e Reino Unido &#8211; concordaram em liberar 20 milh\u00f5es de euros (cerca de R$ 91 milh\u00f5es) para a Amaz\u00f4nia. A maior parte do montante ser\u00e1 usada para enviar avi\u00f5es de combate a inc\u00eandios, informou uma fonte da Presid\u00eancia francesa.<\/p>\n<p class=\"text\">O grupo das sete maiores economias do mundo tamb\u00e9m decidiu apoiar um plano de reflorestamento de m\u00e9dio prazo que ser\u00e1 divulgado pela ONU em setembro, acrescentou um assessor presidencial.<\/p>\n<p class=\"text\">O presidente dos EUA, Donald Trump, n\u00e3o participou da reuni\u00e3o em que foi fechado o acordo. Mas o presidente franc\u00eas, Emmanuel Macron, anfitri\u00e3o da c\u00fapula, afirmou que o colega americano apoia a iniciativa.<\/p>\n<p class=\"text\">Segundo ele, Trump s\u00f3 n\u00e3o participou da sess\u00e3o sobre biodiversidade porque tinha reuni\u00f5es bilaterais agendadas para o mesmo hor\u00e1rio.<\/p>\n<p class=\"text\">O G7 est\u00e1 reunido desde s\u00e1bado na cidade de Biarritz, na Fran\u00e7a, e as queimadas na regi\u00e3o amaz\u00f4nica se tornaram uma das principais pautas do encontro.<\/p>\n<p class=\"text\">A rea\u00e7\u00e3o do governo brasileiro diante da gravidade dos inc\u00eandios, que vieram a conhecimento do p\u00fablico na semana passada, provocou indigna\u00e7\u00e3o internacional e uma onda de protestos.<\/p>\n<p class=\"text\">Cr\u00edticos acusam o presidente Jair Bolsonaro de dar &#8220;sinal verde&#8221; para a destrui\u00e7\u00e3o da Amaz\u00f4nia, por meio de uma ret\u00f3rica antiambientalista e da falta de a\u00e7\u00f5es para coibir o desmatamento.<\/p>\n<p class=\"text\">Macron classificou as queimadas como uma &#8220;crise internacional&#8221; e pressionou para que o tema fosse priorizado na c\u00fapula do G7 no fim de semana.<\/p>\n<h2><strong>O que o Brasil est\u00e1 fazendo?<\/strong><\/h2>\n<p class=\"text\">Inicialmente, o ministro do Meio Ambiente, Ricardo Salles, minimizou os inc\u00eandios dizendo que eram consequ\u00eancia do per\u00edodo de seca. Depois, Bolsonaro sugeriu que organiza\u00e7\u00f5es internacionais estariam por tr\u00e1s do aumento das queimadas, atuando em retalia\u00e7\u00e3o \u00e0 redu\u00e7\u00e3o de verbas repassadas pelo governo.<\/p>\n<p class=\"text\">Somente tr\u00eas dias ap\u00f3s a imprensa divulgar um aumento de 84% nos inc\u00eandios Bolsonaro fez uma reuni\u00e3o de emerg\u00eancia para discutir a cria\u00e7\u00e3o de uma for\u00e7a-tarefa e o envio de tropas do Ex\u00e9rcito para controlar as chamas.<\/p>\n<p class=\"text\">No s\u00e1bado (24), o Minist\u00e9rio da Defesa afirmou que 44 mil soldados estavam \u00e0 disposi\u00e7\u00e3o. At\u00e9 domingo, sete Estados brasileiros haviam solicitado ajuda das tropas federais para debelar o fogo.<\/p>\n<p class=\"text\">Avi\u00f5es da For\u00e7a A\u00e9rea Brasileira (FAB) tamb\u00e9m come\u00e7aram a ser usados no fim de semana para despejar \u00e1gua nas regi\u00f5es de queimadas.<\/p>\n<p class=\"text\">Bolsonaro informou no domingo, por meio do Twitter, que aceitou a oferta de apoio do primeiro-ministro israelense, Benjamin Netanyahu, para conter as queimadas.<\/p>\n<p class=\"text\">Logo de in\u00edcio, o presidente a criticou a rea\u00e7\u00e3o internacional, acusando governos estrangeiros de interferir na soberania nacional brasileira.<\/p>\n<p class=\"text\">Em pronunciamento em cadeia nacional na sexta-feira, Bolsonaro disse que &#8220;inc\u00eandios florestais existem em todo o mundo e isso n\u00e3o pode servir de pretexto para poss\u00edveis san\u00e7\u00f5es internacionais&#8221;.<\/p>\n<h2><strong>Amea\u00e7as de boicote<\/strong><\/h2>\n<p class=\"text\">Diversos pa\u00edses se manifestaram de maneira contundente sobre os inc\u00eandios. Alguns chegaram a defender boicotes \u00e0 carne e produtos agr\u00edcolas brasileiros, al\u00e9m da derrubada do acordo comercial firmado recentemente entre o Mercosul e a Uni\u00e3o Europeia.<\/p>\n<p class=\"text\">Na abertura da c\u00fapula do G7, o presidente do Conselho Europeu, Donald Tusk, afirmou que \u00e9 dif\u00edcil imaginar que a Uni\u00e3o Europeia ratifique o acordo com o Mercosul enquanto o Brasil n\u00e3o controlar as chamas que destroem a Floresta Amaz\u00f4nica.<\/p>\n<p class=\"text\">A declara\u00e7\u00e3o de Tusk se mostrou alinhada \u00e0 fala de Macron que, na sexta-feira, amea\u00e7ou deixar o acordo de livre com\u00e9rcio, argumentando que Bolsonaro mentiu em rela\u00e7\u00e3o a seu compromisso com o meio ambiente.<\/p>\n<p class=\"text\">A Irlanda tamb\u00e9m disse que pode derrubar o acordo, e a Finl\u00e2ndia, que hoje ocupa a presid\u00eancia rotativa da Uni\u00e3o Europeia, chegou a pedir que o bloco avaliasse &#8220;urgentemente&#8221; a suspens\u00e3o da importa\u00e7\u00e3o de carne bovina brasileira como resposta \u00e0 destrui\u00e7\u00e3o na Amaz\u00f4nia.<\/p>\n<p class=\"text\">Para o presidente da Associa\u00e7\u00e3o de Com\u00e9rcio Exterior do Brasil (AEB), Jos\u00e9 Augusto de Castro, por tr\u00e1s da preocupa\u00e7\u00e3o ambiental, h\u00e1 um mote comercial na tentativa de pa\u00edses europeus de boicotar produtos brasileiros.<\/p>\n<h2><strong>Qual a dimens\u00e3o dos inc\u00eandios?<\/strong><\/h2>\n<p class=\"text\">Inc\u00eandios florestais ocorrem com frequ\u00eancia na esta\u00e7\u00e3o de seca no Brasil, mas dados de sat\u00e9lite divulgados pelo Instituto Nacional de Pesquisas Espaciais (Inpe) mostraram um aumento de 84% neste ano, na compara\u00e7\u00e3o com 2018.<\/p>\n<p class=\"text\">De acordo com o \u00f3rg\u00e3o, foram detectados mais de 75 mil focos de queimada em 2019 no Brasil &#8211; a maioria na regi\u00e3o amaz\u00f4nica.<\/p>\n<p class=\"text\">A Bol\u00edvia, pa\u00eds vizinho, tamb\u00e9m est\u00e1 lutando para conter focos de inc\u00eandio em suas florestas.<\/p>\n<p class=\"text\">No domingo, o presidente Evo Morales disse que o pa\u00eds est\u00e1 aberto a aceitar ajuda internacional para combater os inc\u00eandios na regi\u00e3o de Chiquitania. Ele anunciou ainda a suspens\u00e3o da campanha eleitoral para a reelei\u00e7\u00e3o, menos de dois meses antes do pleito.<\/p>\n<p class=\"text\">Ativistas ambientais estabeleceram uma conex\u00e3o entre as atitudes de Bolsonaro em rela\u00e7\u00e3o ao meio ambiente, e o recente aumento no n\u00famero de inc\u00eandios florestais.<\/p>\n<p class=\"text\">Eles acusam o presidente de encorajar mineradores e madeireiros, que provocariam inc\u00eandios deliberadamente para desmatar a terra de forma ilegal.<\/p>\n<p class=\"text\">Uma an\u00e1lise feita pela BBC mostrou que o aumento dos registros de desmatamento e inc\u00eandios florestais coincide com a queda acentuada das multas aplicadas por viola\u00e7\u00f5es ambientais.<\/p>\n<p class=\"text\">No in\u00edcio do m\u00eas, Bolsonaro acusou, por sua vez, o Inpe de tentar prejudicar seu governo depois que dados divulgados pelo \u00f3rg\u00e3o indicaram aumento acentuado nas taxas de desmatamento.<\/p>\n<h2><strong>Por que a Amaz\u00f4nia \u00e9 importante?<\/strong><\/h2>\n<p class=\"text\">Considerada a maior floresta tropical do mundo, a Amaz\u00f4nia \u00e9 um verdadeiro &#8220;armaz\u00e9m&#8221; de carbono, vital para diminuir o ritmo do aquecimento global. A floresta abrange v\u00e1rios pa\u00edses, mas a maior parte est\u00e1 localizada em territ\u00f3rio brasileiro.<\/p>\n<p class=\"text\">Tem um importante papel na regula\u00e7\u00e3o do clima global, na absor\u00e7\u00e3o de di\u00f3xido de carbono e na produ\u00e7\u00e3o de oxig\u00eanio.<\/p>\n<p class=\"text\">A floresta tamb\u00e9m abriga cerca de 3 milh\u00f5es de esp\u00e9cies de plantas e animais, al\u00e9m de ser o lar de 1 milh\u00e3o de representantes de povos ind\u00edgenas.<\/p>\n<h2><strong>&#8216;Bem comum&#8217;?<\/strong><\/h2>\n<p class=\"text\">No s\u00e1bado, Macron reiterou na c\u00fapula do G7 que a Amaz\u00f4nia era um &#8220;bem comum&#8221; do planeta.<\/p>\n<p class=\"text\">&#8220;A Amaz\u00f4nia \u00e9 nosso bem comum. Estamos todos envolvidos, e a Fran\u00e7a est\u00e1 provavelmente mais do que outros que estar\u00e3o nessa mesa (do G7), porque n\u00f3s somos amazonenses. A Guiana Francesa est\u00e1 na Amaz\u00f4nia&#8221;, afirmou Macron.<\/p>\n<p class=\"text\">O jornal franc\u00eas Le Monde tamb\u00e9m recorreu ao mesmo termo usado por Macron em editorial intitulado &#8220;Amaz\u00f4nia, bem comum universal&#8221;.<\/p>\n<p class=\"text\">De acordo com brasilianistas ouvidos pela BBC News Brasil, a forma como o governo Bolsonaro vem lidando com o meio ambiente d\u00e1 muni\u00e7\u00e3o \u00e0 tese de que a Amaz\u00f4nia n\u00e3o \u00e9 do Brasil, mas &#8220;um bem comum&#8221; da comunidade internacional.<\/p>\n<p class=\"text\">&#8220;As a\u00e7\u00f5es do governo acabam alimentando essa tese de que a comunidade internacional deveria cuidar da Amaz\u00f4nia. Quando o Bolsonaro demite o diretor-geral do Inpe ou culpa as ONGs pelas queimadas, mobiliza a opini\u00e3o p\u00fablica internacional&#8221;, afirmou Anthony Pereira, diretor do Brazil Institute da Universidade King&#8217;s College, em Londres, no Reino Unido.<\/p>\n<p class=\"text\">&#8220;Mas isso n\u00e3o pode servir de desculpa para violar a soberania do Brasil sobre este territ\u00f3rio. A Amaz\u00f4nia \u00e9 brasileira&#8221;, acrescenta.<\/p>\n<h2><strong>Manifesta\u00e7\u00f5es<\/strong><\/h2>\n<p class=\"text\">Al\u00e9m dos l\u00edderes pol\u00edticos, diversas celebridades e ambientalistas fizeram um apelo pela prote\u00e7\u00e3o da Amaz\u00f4nia.<\/p>\n<p class=\"text\">Milhares de pessoas foram \u00e0s ruas no mundo inteiro pedindo a\u00e7\u00e3o a seus governos.<\/p>\n<p class=\"text\">No domingo, o Papa Francisco tamb\u00e9m aderiu ao clamor p\u00fablico para proteger a floresta.<\/p>\n<p class=\"text\">&#8220;Todos n\u00f3s estamos preocupados com os grandes inc\u00eandios que se desenvolveram na Amaz\u00f4nia. Vamos orar para que, com o empenho de todos, possam ser apagados em breve. Esse pulm\u00e3o florestal \u00e9 vital para o nosso planeta&#8221;, afirmou o pont\u00edfice diante de milhares de fi\u00e9is, na Pra\u00e7a S\u00e3o Pedro, no Vaticano.<\/p>\n<p class=\"text\">Na semana passada, a hashtag #prayforamazonia (reze pela Amaz\u00f4nia) chegou ao topo das mais citadas no Twitter em todo o mundo. Usu\u00e1rios da rede social tamb\u00e9m usaram a hashtag #BoycottBrazil para defender o boicote a produtos brasileiros.<\/p>\n","protected":false},"excerpt":{"rendered":"<p>A c\u00fapula do G7 chegou nesta segunda-feira (26) a um acordo para ajudar a combater&#8230;<\/p>\n","protected":false},"author":1,"featured_media":34114,"comment_status":"closed","ping_status":"closed","sticky":false,"template":"","format":"standard","meta":{"footnotes":""},"categories":[15,17],"tags":[],"class_list":["post-34113","post","type-post","status-publish","format-standard","has-post-thumbnail","hentry","category-internacional","category-meio-ambiente"],"_links":{"self":[{"href":"https:\/\/www.corumbaonline.com.br\/news\/wp-json\/wp\/v2\/posts\/34113","targetHints":{"allow":["GET"]}}],"collection":[{"href":"https:\/\/www.corumbaonline.com.br\/news\/wp-json\/wp\/v2\/posts"}],"about":[{"href":"https:\/\/www.corumbaonline.com.br\/news\/wp-json\/wp\/v2\/types\/post"}],"author":[{"embeddable":true,"href":"https:\/\/www.corumbaonline.com.br\/news\/wp-json\/wp\/v2\/users\/1"}],"replies":[{"embeddable":true,"href":"https:\/\/www.corumbaonline.com.br\/news\/wp-json\/wp\/v2\/comments?post=34113"}],"version-history":[{"count":1,"href":"https:\/\/www.corumbaonline.com.br\/news\/wp-json\/wp\/v2\/posts\/34113\/revisions"}],"predecessor-version":[{"id":34115,"href":"https:\/\/www.corumbaonline.com.br\/news\/wp-json\/wp\/v2\/posts\/34113\/revisions\/34115"}],"wp:featuredmedia":[{"embeddable":true,"href":"https:\/\/www.corumbaonline.com.br\/news\/wp-json\/wp\/v2\/media\/34114"}],"wp:attachment":[{"href":"https:\/\/www.corumbaonline.com.br\/news\/wp-json\/wp\/v2\/media?parent=34113"}],"wp:term":[{"taxonomy":"category","embeddable":true,"href":"https:\/\/www.corumbaonline.com.br\/news\/wp-json\/wp\/v2\/categories?post=34113"},{"taxonomy":"post_tag","embeddable":true,"href":"https:\/\/www.corumbaonline.com.br\/news\/wp-json\/wp\/v2\/tags?post=34113"}],"curies":[{"name":"wp","href":"https:\/\/api.w.org\/{rel}","templated":true}]}}