{"id":34124,"date":"2019-08-26T09:41:53","date_gmt":"2019-08-26T13:41:53","guid":{"rendered":"http:\/\/www.corumbaonline.com.br\/news\/?p=34124"},"modified":"2019-08-26T10:14:32","modified_gmt":"2019-08-26T14:14:32","slug":"macron-diz-que-bolsonaro-nao-se-comporta-a-altura-do-cargo","status":"publish","type":"post","link":"https:\/\/www.corumbaonline.com.br\/news\/macron-diz-que-bolsonaro-nao-se-comporta-a-altura-do-cargo\/","title":{"rendered":"Macron diz que Bolsonaro n\u00e3o se comporta \u00e0 altura do cargo"},"content":{"rendered":"<p>O presidente da Fran\u00e7a, Emmanuel Macron, lamentou nesta segunda-feira, 26, os coment\u00e1rios &#8220;<strong>extremamente desrespeitosos<\/strong>&#8221; do presidente do Brasil, Jair Bolsonaro (PSL), sobre sua mulher, Brigitte Macron, e disse que espera que os brasileiros tenham rapidamente um presidente que &#8220;<strong>se comporte \u00e0 altura<\/strong>&#8221; do cargo.<\/p>\n<p>&#8220;Bolsonaro fez coment\u00e1rios extremamente desrespeitosos sobre minha mulher&#8221;, afirmou Macron, durante uma coletiva de imprensa do G-7, o grupo dos pa\u00edses mais ricos do mundo, em Biarritz, na Fran\u00e7a. &#8220;O que eu posso dizer? \u00c9 triste, mas \u00e9 triste primeiro por ele e pelos brasileiros. Como tenho uma grande amizade e respeito pelo povo brasileiro, espero que tenham rapidamente um presidente que se comporte \u00e0 altura.&#8221;<\/p>\n<p class=\"text\">Bolsonaro e Macron v\u00eam trocando farpas desde que a crise de inc\u00eandios florestais do Brasil tomou as manchetes do mundo, na \u00faltima semana.<\/p>\n<p class=\"text\">Nesta segunda, o presidente franc\u00eas respondeu a um coment\u00e1rio de Bolsonaro no Facebook. O perfil do presidente brasileiro postou uma mensagem de risadas ap\u00f3s uma publica\u00e7\u00e3o ofensiva sobre a primeira-dama da Fran\u00e7a, Brigitte Macron, feito por um de seus seguidores.<\/p>\n<p class=\"text\">Em um post em que falava da Amaz\u00f4nia, um dos seguidores da p\u00e1gina do presidente postou uma montagem com duas fotos. Na de cima, Brigitte aparece atr\u00e1s de Macron e, na de baixo, o presidente aparece com a primeira-dama do Brasil, Michelle Bolsonaro, \u00e0 frente. Ao lado das fotos, h\u00e1 um texto dizendo &#8220;Entende agora pq Macron persegue Bolsonaro?&#8221;.<\/p>\n<p class=\"text\">A p\u00e1gina do presidente da Rep\u00fablica respondeu ao seguidor com &#8220;n\u00e3o humilha cara. Kkkk&#8221;. \/<strong>COM AG\u00caNCIAS INTERNACIONAIS<\/strong><\/p>\n","protected":false},"excerpt":{"rendered":"<p>O presidente da Fran\u00e7a, Emmanuel Macron, lamentou nesta segunda-feira, 26, os coment\u00e1rios &#8220;extremamente desrespeitosos&#8221; do&#8230;<\/p>\n","protected":false},"author":1,"featured_media":0,"comment_status":"closed","ping_status":"closed","sticky":false,"template":"","format":"standard","meta":{"footnotes":""},"categories":[15],"tags":[],"class_list":["post-34124","post","type-post","status-publish","format-standard","hentry","category-internacional"],"_links":{"self":[{"href":"https:\/\/www.corumbaonline.com.br\/news\/wp-json\/wp\/v2\/posts\/34124","targetHints":{"allow":["GET"]}}],"collection":[{"href":"https:\/\/www.corumbaonline.com.br\/news\/wp-json\/wp\/v2\/posts"}],"about":[{"href":"https:\/\/www.corumbaonline.com.br\/news\/wp-json\/wp\/v2\/types\/post"}],"author":[{"embeddable":true,"href":"https:\/\/www.corumbaonline.com.br\/news\/wp-json\/wp\/v2\/users\/1"}],"replies":[{"embeddable":true,"href":"https:\/\/www.corumbaonline.com.br\/news\/wp-json\/wp\/v2\/comments?post=34124"}],"version-history":[{"count":1,"href":"https:\/\/www.corumbaonline.com.br\/news\/wp-json\/wp\/v2\/posts\/34124\/revisions"}],"predecessor-version":[{"id":34125,"href":"https:\/\/www.corumbaonline.com.br\/news\/wp-json\/wp\/v2\/posts\/34124\/revisions\/34125"}],"wp:attachment":[{"href":"https:\/\/www.corumbaonline.com.br\/news\/wp-json\/wp\/v2\/media?parent=34124"}],"wp:term":[{"taxonomy":"category","embeddable":true,"href":"https:\/\/www.corumbaonline.com.br\/news\/wp-json\/wp\/v2\/categories?post=34124"},{"taxonomy":"post_tag","embeddable":true,"href":"https:\/\/www.corumbaonline.com.br\/news\/wp-json\/wp\/v2\/tags?post=34124"}],"curies":[{"name":"wp","href":"https:\/\/api.w.org\/{rel}","templated":true}]}}