{"id":34176,"date":"2019-08-27T09:32:14","date_gmt":"2019-08-27T13:32:14","guid":{"rendered":"http:\/\/www.corumbaonline.com.br\/news\/?p=34176"},"modified":"2019-08-27T10:33:33","modified_gmt":"2019-08-27T14:33:33","slug":"bolsonaro-aceita-dinheiro-do-g-7-se-macron-se-desculpar","status":"publish","type":"post","link":"https:\/\/www.corumbaonline.com.br\/news\/bolsonaro-aceita-dinheiro-do-g-7-se-macron-se-desculpar\/","title":{"rendered":"Bolsonaro aceita dinheiro do G-7 se Macron se desculpar"},"content":{"rendered":"<p>O presidente\u00a0Jair Bolsonaro\u00a0(PSL) disse na manh\u00e3 desta ter\u00e7a-feira, 7, que pode reconsiderar a ajuda emergencial do\u00a0G-7, o grupo de pa\u00edses mais ricos do mundo, caso o presidente da\u00a0Fran\u00e7a,\u00a0Emmanuel Macron, retire &#8220;insultos&#8221; contra ele e a ideia de que a internacionaliza\u00e7\u00e3o da\u00a0Amaz\u00f4nia\u00a0est\u00e1 &#8220;em aberto&#8221;.\u00a0Bolsonaro\u00a0n\u00e3o mostrou, no entanto, qualquer inten\u00e7\u00e3o de pedir desculpas \u00e0 primeira-dama francesa,\u00a0Brigitte\u00a0Macron.<\/p>\n<p>Nesta segunda-feira, 26, o\u00a0<a href=\"https:\/\/www.terra.com.br\/noticias\/ciencia\/sustentabilidade\/planalto-diz-que-recusara-ajuda-de-us-20-mi-do-g-7,e55ffda87a09f23e466e72992f0235cfkdak9szs.html\" target=\"_blank\" rel=\"noopener noreferrer\">Pal\u00e1cio do Planalto informou oficialmente que vai recusar os US$ 20 milh\u00f5es<\/a>, o equivalente a R$ 83 milh\u00f5es, anunciados por\u00a0Macron\u00a0em nome dos pa\u00edses que formam o G-7.<\/p>\n<p>&#8220;Primeiramente, o seu\u00a0Macron\u00a0tem que retirar os insultos que fez a minha pessoa. Ele me chamou de mentiroso. E, depois, informaram, que a nossa soberania est\u00e1 em aberto na\u00a0Amaz\u00f4nia. Para conversar ou aceitar qualquer coisa da\u00a0Fran\u00e7a, que seja das melhores inten\u00e7\u00f5es poss\u00edveis, ele vai ter que retirar essas palavras e da\u00ed a gente pode conversar&#8221;, declarou\u00a0Bolsonaro. &#8220;Primeiro ele retira, depois oferece\u00a0(ajuda), da\u00ed eu respondo.&#8221;<\/p>\n<p>Bolsonaro\u00a0questionou at\u00e9 mesmo an\u00fancio oficial feito pelo Pal\u00e1cio do Planalto com a recusa dos recursos do\u00a0G-7\u00a0pelo\u00a0Brasil.<\/p>\n<p>&#8220;Eu falei isso? Eu falei? O presidente\u00a0Bolsonaro\u00a0falou?&#8221;, reagiu.<\/p>\n<p>Indagado se ainda cogita receber a quantia, ele falou que a imprensa &#8220;vai ter uma surpresa hoje&#8221; na reuni\u00e3o que ele far\u00e1 com governadores da regi\u00e3o amaz\u00f4nica, no Pal\u00e1cio do Planalto, \u00e0s 10 horas. &#8220;Tudo tem um pre\u00e7o. Eu disse h\u00e1 poucas semanas que estavam comprando \u00e0 presta\u00e7\u00e3o a\u00a0Amaz\u00f4nia. Voc\u00eas v\u00e3o ter a resposta.&#8221;<\/p>\n<p>Ap\u00f3s dois minutos de entrevista,\u00a0Bolsonaro\u00a0encerrou a conversa com jornalistas nesta ter\u00e7a por causa de perguntas sobre um poss\u00edvel pedido de desculpas \u00e0 primeira-dama francesa. Ele disse que n\u00e3o colocou a foto que zombava\u00a0Brigitte\u00a0e justificou que pediu para o respons\u00e1vel n\u00e3o &#8220;falar besteira&#8221;.<\/p>\n<p>&#8220;Eu n\u00e3o coloquei aquela foto, algu\u00e9m que colocou a foto l\u00e1, e eu falei para n\u00e3o falar besteira. N\u00e3o queiram falar da quest\u00e3o familiar porque na quest\u00e3o familiar pessoal eu n\u00e3o me meto. Sempre respeito o cara para n\u00e3o entrar nessa \u00e1rea&#8221;, disse.<\/p>\n<p>No fim de semana, o presidente brasileiro reagiu com risadas a um coment\u00e1rio em que um seguidor da sua p\u00e1gina no\u00a0Facebook\u00a0postou fotos dos chefes de Estado com suas respectivas primeiras-damas, afirmando que o mandat\u00e1rio franc\u00eas teria inveja de\u00a0Bolsonaro\u00a0porque sua esposa \u00e9 24 anos mais velha do que ele.<\/p>\n<p>&#8220;N\u00e3o humilha cara. Kkkkkkk&#8221;, escreveu\u00a0Bolsonaro\u00a0em rede social como resposta ao apoiador.<\/p>\n<div id=\"image_89fb9f83530767d2d69660fb28cba541m0ir9zik\">\n<figure><picture><source srcset=\"https:\/\/p2.trrsf.com\/image\/fget\/cf\/940\/0\/images.terra.com\/2019\/08\/27\/1566780422953.jpg\" media=\"(min-width:1280px)\" \/><source srcset=\"https:\/\/p2.trrsf.com\/image\/fget\/cf\/620\/0\/images.terra.com\/2019\/08\/27\/1566780422953.jpg\" media=\"(min-width:1024px)\" \/><source srcset=\"https:\/\/p2.trrsf.com\/image\/fget\/cf\/460\/0\/images.terra.com\/2019\/08\/27\/1566780422953.jpg\" media=\"(min-width:768px)\" \/><source srcset=\"https:\/\/p2.trrsf.com\/image\/fget\/cf\/320\/0\/images.terra.com\/2019\/08\/27\/1566780422953.jpg\" media=\"(min-width:300px)\" \/><\/picture><\/figure>\n<p>Ao ser indagado se pretende pedir desculpas,\u00a0Bolsonaro\u00a0ficou irritado com jornalistas e encerrou a conversa.<\/p>\n<p>&#8220;Se continuar pergunta desse padr\u00e3o vai acabar a entrevista. Meu coment\u00e1rio era para n\u00e3o insistir nesse tipo de postagem. Realmente, o jornalismo, voc\u00eas n\u00e3o merecem considera\u00e7\u00e3o.&#8221;<\/p>\n<\/div>\n","protected":false},"excerpt":{"rendered":"<p>O presidente\u00a0Jair Bolsonaro\u00a0(PSL) disse na manh\u00e3 desta ter\u00e7a-feira, 7, que pode reconsiderar a ajuda emergencial&#8230;<\/p>\n","protected":false},"author":1,"featured_media":0,"comment_status":"closed","ping_status":"closed","sticky":false,"template":"","format":"standard","meta":{"footnotes":""},"categories":[15],"tags":[],"class_list":["post-34176","post","type-post","status-publish","format-standard","hentry","category-internacional"],"_links":{"self":[{"href":"https:\/\/www.corumbaonline.com.br\/news\/wp-json\/wp\/v2\/posts\/34176","targetHints":{"allow":["GET"]}}],"collection":[{"href":"https:\/\/www.corumbaonline.com.br\/news\/wp-json\/wp\/v2\/posts"}],"about":[{"href":"https:\/\/www.corumbaonline.com.br\/news\/wp-json\/wp\/v2\/types\/post"}],"author":[{"embeddable":true,"href":"https:\/\/www.corumbaonline.com.br\/news\/wp-json\/wp\/v2\/users\/1"}],"replies":[{"embeddable":true,"href":"https:\/\/www.corumbaonline.com.br\/news\/wp-json\/wp\/v2\/comments?post=34176"}],"version-history":[{"count":1,"href":"https:\/\/www.corumbaonline.com.br\/news\/wp-json\/wp\/v2\/posts\/34176\/revisions"}],"predecessor-version":[{"id":34177,"href":"https:\/\/www.corumbaonline.com.br\/news\/wp-json\/wp\/v2\/posts\/34176\/revisions\/34177"}],"wp:attachment":[{"href":"https:\/\/www.corumbaonline.com.br\/news\/wp-json\/wp\/v2\/media?parent=34176"}],"wp:term":[{"taxonomy":"category","embeddable":true,"href":"https:\/\/www.corumbaonline.com.br\/news\/wp-json\/wp\/v2\/categories?post=34176"},{"taxonomy":"post_tag","embeddable":true,"href":"https:\/\/www.corumbaonline.com.br\/news\/wp-json\/wp\/v2\/tags?post=34176"}],"curies":[{"name":"wp","href":"https:\/\/api.w.org\/{rel}","templated":true}]}}