{"id":34208,"date":"2019-08-28T08:37:58","date_gmt":"2019-08-28T12:37:58","guid":{"rendered":"http:\/\/www.corumbaonline.com.br\/news\/?p=34208"},"modified":"2019-08-28T08:59:20","modified_gmt":"2019-08-28T12:59:20","slug":"chuva-inesperada-no-pantanal-contribui-para-o-controle-de-focos-de-queimadas","status":"publish","type":"post","link":"https:\/\/www.corumbaonline.com.br\/news\/chuva-inesperada-no-pantanal-contribui-para-o-controle-de-focos-de-queimadas\/","title":{"rendered":"Chuva inesperada no Pantanal contribui para o controle de focos de queimadas"},"content":{"rendered":"<p>A chuva que caiu na noite de segunda-feira e na madrugada de hoje no Pantanal de Corumb\u00e1, entre 10 a 30 mil\u00edmetros por regi\u00e3o, contribuiu para reduzir o n\u00famero de focos de calor no munic\u00edpio. A queimada mais intensa foi na regi\u00e3o do Porto da Manga, Pantanal da Nhecol\u00e2ndia, a Leste de Corumb\u00e1, e foi controlada pela brigada do PrevFogo do Ibama e o Corpo de Bombeiros. A garoa eliminou a fuma\u00e7a e tranquilizou os ribeirinhos.<\/p>\n<p>\u201cFoi um trabalho intenso de quatro dias na regi\u00e3o da Manga e a chuva finalizou o servi\u00e7o que j\u00e1 estava no rescaldo\u201d, informou o gerente estadual do PrevFogo, Bruno \u00c1gueda, que atuou no local com 27 homens, al\u00e9m dos bombeiros. Com a chegada da chuva, n\u00e3o prevista pelos pantaneiros, a maioria dos focos perdeu for\u00e7a e foi extinta. \u201cChoveu pouco, mas praticamente em todo o Pantanal\u201d, disse Luciano Leite, presidente do Sindicato Rural de Corumb\u00e1.<\/p>\n<div id=\"attachment_273708\" class=\"wp-caption alignright\">\n<figure id=\"attachment_273708\" aria-describedby=\"caption-attachment-273708\" style=\"width: 300px\" class=\"wp-caption alignright\"><a href=\"http:\/\/www.ms.gov.br\/wp-content\/uploads\/sites\/150\/2019\/08\/queimada_porto-da-manga_foto-Ibama-ms.jpg\"><img loading=\"lazy\" decoding=\"async\" class=\"wp-image-273708 size-medium\" src=\"http:\/\/www.ms.gov.br\/wp-content\/uploads\/sites\/150\/2019\/08\/queimada_porto-da-manga_foto-Ibama-ms-300x143.jpg\" sizes=\"auto, (max-width: 300px) 100vw, 300px\" srcset=\"http:\/\/www.ms.gov.br\/wp-content\/uploads\/sites\/150\/2019\/08\/queimada_porto-da-manga_foto-Ibama-ms-300x143.jpg 300w, http:\/\/www.ms.gov.br\/wp-content\/uploads\/sites\/150\/2019\/08\/queimada_porto-da-manga_foto-Ibama-ms-768x367.jpg 768w, http:\/\/www.ms.gov.br\/wp-content\/uploads\/sites\/150\/2019\/08\/queimada_porto-da-manga_foto-Ibama-ms.jpg 916w\" alt=\"\" width=\"300\" height=\"143\" \/><\/a><figcaption id=\"caption-attachment-273708\" class=\"wp-caption-text\">Brigadistas combateram inc\u00eandio na Manga durante quatro dias<\/figcaption><\/figure>\n<\/div>\n<p><strong>Chuva salvadora<\/strong><\/p>\n<p>No \u00faltimo dia de combate do fogo na Manga o Ibama contou tamb\u00e9m com o apoio log\u00edstico do Ex\u00e9rcito. A grande preocupa\u00e7\u00e3o era a expans\u00e3o dos focos em dire\u00e7\u00e3o \u00e0 comunidade ribeirinha do Rio Paraguai, onde residem cerca de 200 pessoas, que vivem da pesca. O fogo chegou a cerca de 100 metros do vilarejo e os moradores conseguiram o apoio de maquin\u00e1rios de uma empreiteira para limpar a \u00e1rea em torno das casas de madeira constru\u00eddas sobre palafitas.<\/p>\n<div id=\"attachment_273710\" class=\"wp-caption alignleft\">\n<figure id=\"attachment_273710\" aria-describedby=\"caption-attachment-273710\" style=\"width: 300px\" class=\"wp-caption alignleft\"><a href=\"http:\/\/www.ms.gov.br\/wp-content\/uploads\/sites\/150\/2019\/08\/queimada_porto-da-manga2_foto-Ibama-ms.jpg\"><img loading=\"lazy\" decoding=\"async\" class=\"wp-image-273710 size-medium\" src=\"http:\/\/www.ms.gov.br\/wp-content\/uploads\/sites\/150\/2019\/08\/queimada_porto-da-manga2_foto-Ibama-ms-300x186.jpg\" sizes=\"auto, (max-width: 300px) 100vw, 300px\" srcset=\"http:\/\/www.ms.gov.br\/wp-content\/uploads\/sites\/150\/2019\/08\/queimada_porto-da-manga2_foto-Ibama-ms-300x186.jpg 300w, http:\/\/www.ms.gov.br\/wp-content\/uploads\/sites\/150\/2019\/08\/queimada_porto-da-manga2_foto-Ibama-ms-768x475.jpg 768w, http:\/\/www.ms.gov.br\/wp-content\/uploads\/sites\/150\/2019\/08\/queimada_porto-da-manga2_foto-Ibama-ms.jpg 921w\" alt=\"\" width=\"300\" height=\"186\" \/><\/a><figcaption id=\"caption-attachment-273710\" class=\"wp-caption-text\">Focos na regi\u00e3o da Manga se expandiu da morraria em dire\u00e7\u00e3o ao Rio Paraguai<\/figcaption><\/figure>\n<\/div>\n<p>\u201cA chuva foi a nossa salva\u00e7\u00e3o\u201d, contou Delson Pereira, 55, dono de um bar e antigo morador do Porto da Manga. \u201cO pessoal do PrevFogo e dos Bombeiros fez um grande trabalho, mas os moradores ficaram apavorados com o fogo se aproximando\u201d, acrescentou ele. \u201cMoro aqui h\u00e1 mais de 30 anos e nunca vi um inc\u00eandio como esse na regi\u00e3o, n\u00e3o sabemos como ocorreu.\u201d<\/p>\n<p><strong>Bodoquena<\/strong><\/p>\n<p>O Porto da Manga fica situado na MS-228, rodovia que integra a Estrada-Parque do Pantanal, juntamente com a MS-184. O fogo se alastrou por toda a plan\u00edcie, entre a morraria do Urucum e o Rio Paraguai, de um lado, e a Estrada-Parque e a BR-262, do outro. Foram queimados cerca de 1.600 hectares, segundo laudo pericial do Ibama. As causas est\u00e3o sendo apuradas pelo \u00f3rg\u00e3o federal. \u201cA natureza n\u00e3o p\u00f5e fogo\u201d, afirmou o morador Delson Pereira.<\/p>\n<div id=\"attachment_273712\" class=\"wp-caption alignnone\">\n<figure id=\"attachment_273712\" aria-describedby=\"caption-attachment-273712\" style=\"width: 2000px\" class=\"wp-caption alignnone\"><a href=\"http:\/\/www.ms.gov.br\/wp-content\/uploads\/sites\/150\/2019\/08\/queimadas_porto-da-manga_foto-edemir-rodrigues.jpg\"><img loading=\"lazy\" decoding=\"async\" class=\"wp-image-273712 size-full\" src=\"http:\/\/www.ms.gov.br\/wp-content\/uploads\/sites\/150\/2019\/08\/queimadas_porto-da-manga_foto-edemir-rodrigues.jpg\" sizes=\"auto, (max-width: 2000px) 100vw, 2000px\" srcset=\"http:\/\/www.ms.gov.br\/wp-content\/uploads\/sites\/150\/2019\/08\/queimadas_porto-da-manga_foto-edemir-rodrigues.jpg 2000w, http:\/\/www.ms.gov.br\/wp-content\/uploads\/sites\/150\/2019\/08\/queimadas_porto-da-manga_foto-edemir-rodrigues-300x169.jpg 300w, http:\/\/www.ms.gov.br\/wp-content\/uploads\/sites\/150\/2019\/08\/queimadas_porto-da-manga_foto-edemir-rodrigues-768x432.jpg 768w, http:\/\/www.ms.gov.br\/wp-content\/uploads\/sites\/150\/2019\/08\/queimadas_porto-da-manga_foto-edemir-rodrigues-1024x576.jpg 1024w\" alt=\"\" width=\"2000\" height=\"1125\" \/><\/a><figcaption id=\"caption-attachment-273712\" class=\"wp-caption-text\">Mais de 1.600 hectares foram queimados na Manga: Ibama levanta as causas. Fogo pode ser criminoso, segundo moradores<\/figcaption><\/figure>\n<\/div>\n<p>Conforme informa\u00e7\u00f5es da Defesa Civil do Estado e do Ibama, o fogo que era intenso na reserva dos \u00edndios Kadiw\u00e9us, na Serra da Bodoquena, tamb\u00e9m foi controlado no entorno da Aldeia Alves Ferreira, em Bodoquena. O Ibama ainda mant\u00e9m a patrulha na regi\u00e3o da Aldeia S\u00e3o Jo\u00e3o, em Bonito. Tamb\u00e9m foram debelados, ap\u00f3s quatro dias, os focos no Morro do Chap\u00e9u, Pantanal do Jacadigo, em Corumb\u00e1, onde foram queimados 600 hectares.<\/p>\n","protected":false},"excerpt":{"rendered":"<p>A chuva que caiu na noite de segunda-feira e na madrugada de hoje no Pantanal&#8230;<\/p>\n","protected":false},"author":1,"featured_media":34211,"comment_status":"closed","ping_status":"closed","sticky":false,"template":"","format":"standard","meta":{"footnotes":""},"categories":[8,17],"tags":[],"class_list":["post-34208","post","type-post","status-publish","format-standard","has-post-thumbnail","hentry","category-destaque","category-meio-ambiente"],"_links":{"self":[{"href":"https:\/\/www.corumbaonline.com.br\/news\/wp-json\/wp\/v2\/posts\/34208","targetHints":{"allow":["GET"]}}],"collection":[{"href":"https:\/\/www.corumbaonline.com.br\/news\/wp-json\/wp\/v2\/posts"}],"about":[{"href":"https:\/\/www.corumbaonline.com.br\/news\/wp-json\/wp\/v2\/types\/post"}],"author":[{"embeddable":true,"href":"https:\/\/www.corumbaonline.com.br\/news\/wp-json\/wp\/v2\/users\/1"}],"replies":[{"embeddable":true,"href":"https:\/\/www.corumbaonline.com.br\/news\/wp-json\/wp\/v2\/comments?post=34208"}],"version-history":[{"count":1,"href":"https:\/\/www.corumbaonline.com.br\/news\/wp-json\/wp\/v2\/posts\/34208\/revisions"}],"predecessor-version":[{"id":34212,"href":"https:\/\/www.corumbaonline.com.br\/news\/wp-json\/wp\/v2\/posts\/34208\/revisions\/34212"}],"wp:featuredmedia":[{"embeddable":true,"href":"https:\/\/www.corumbaonline.com.br\/news\/wp-json\/wp\/v2\/media\/34211"}],"wp:attachment":[{"href":"https:\/\/www.corumbaonline.com.br\/news\/wp-json\/wp\/v2\/media?parent=34208"}],"wp:term":[{"taxonomy":"category","embeddable":true,"href":"https:\/\/www.corumbaonline.com.br\/news\/wp-json\/wp\/v2\/categories?post=34208"},{"taxonomy":"post_tag","embeddable":true,"href":"https:\/\/www.corumbaonline.com.br\/news\/wp-json\/wp\/v2\/tags?post=34208"}],"curies":[{"name":"wp","href":"https:\/\/api.w.org\/{rel}","templated":true}]}}