{"id":34555,"date":"2019-09-06T14:52:16","date_gmt":"2019-09-06T18:52:16","guid":{"rendered":"http:\/\/www.corumbaonline.com.br\/news\/?p=34555"},"modified":"2019-09-06T14:13:18","modified_gmt":"2019-09-06T18:13:18","slug":"programa-investe-turismo-sera-apresentado-dia-10-em-corumba","status":"publish","type":"post","link":"https:\/\/www.corumbaonline.com.br\/news\/programa-investe-turismo-sera-apresentado-dia-10-em-corumba\/","title":{"rendered":"Programa Investe Turismo ser\u00e1 apresentado dia 10 em Corumb\u00e1"},"content":{"rendered":"<p>Na pr\u00f3xima ter\u00e7a-feira, 10 de setembro, o Sebrae, Minist\u00e9rio do Turismo, Embratur e Governo do Estado lan\u00e7am em Corumb\u00e1 o Programa Investe Turismo, um pacote de incentivos a novos neg\u00f3cios, melhoria de servi\u00e7o e inova\u00e7\u00e3o para a \u00e1rea. O lan\u00e7amento ocorre \u00e0s 18 horas no Barco P\u00e9rola do Pantanal, localizado no Porto Geral, uma das principais atra\u00e7\u00f5es tur\u00edsticas da cidade.<\/p>\n<p>O objetivo do programa \u00e9 aumentar a competitividade dos destinos tur\u00edsticos de Mato Grosso do Sul. Em Corumb\u00e1, o lan\u00e7amento acontece no semin\u00e1rio gratuito &#8220;Navegando nas Oportunidades do Turismo &#8211; Investimento e Inova\u00e7\u00e3o&#8221;. Nele, os participantes v\u00e3o conhecer as a\u00e7\u00f5es do Investe Turismo, al\u00e9m das linhas de cr\u00e9dito e ferramentas para auxiliar na estrutura\u00e7\u00e3o e formaliza\u00e7\u00e3o da atividade tur\u00edstica.<\/p>\n<p>S\u00e3o mais de R$ 6,8 milh\u00f5es para estimular o turismo de MS. Deste total, o Sebrae vai investir a maior parte, cerca de R$ 5 milh\u00f5es. O pacote tamb\u00e9m conta com apoio do Governo do Estado, Sistema Fiems, Sistema Famasul e Fecom\u00e9rcio. Al\u00e9m de Corumb\u00e1, recebem investimentos Miranda e Aquidauana, na regi\u00e3o do Pantanal Sul; e Bonito, Bodoquena e Jardim, na Serra da Bodoquena. Os munic\u00edpios foram escolhidos pelo Minist\u00e9rio do Turismo com base em crit\u00e9rios t\u00e9cnicos.<\/p>\n<p>Para o diretor-superintendente do Sebrae\/MS, Claudio Mendon\u00e7a, o trabalho em conjunto vai injetar novas perspectivas para o desenvolvimento local. \u201cTemos muito potencial, o Minist\u00e9rio do Turismo alinhou ao Sebrae um projeto de turismo nacional, n\u00f3s temos um \u00edndice baixo de turistas internacionais no Brasil, ent\u00e3o o setor empresarial precisa vir junto e dar o caminho\u201d, disse, durante o lan\u00e7amento do programa em Bonito.<\/p>\n<p><strong>A\u00e7\u00f5es<\/strong><\/p>\n<p>Ser\u00e3o beneficiados pelo projeto as micro e pequenas empresas dos segmentos do Turismo e de produ\u00e7\u00e3o associada, incluindo Gastronomia, Agroind\u00fastrias e os empreendimentos da Economia Criativa, como artesanato, designers, audiovisual, entre outros.<\/p>\n<p>As rotas tur\u00edsticas v\u00e3o contar com um pacote de a\u00e7\u00f5es organizadas em quatro linhas de trabalho: o fortalecimento da governan\u00e7a, por meio de uma integra\u00e7\u00e3o entre setor p\u00fablico e privado; a melhoria dos servi\u00e7os e atrativos tur\u00edsticos, com foco especial nas micro e pequenas empresas; atra\u00e7\u00e3o de investimentos e apoio ao acesso a linhas de cr\u00e9dito e fontes de financiamento; e por fim, marketing e apoio \u00e0 comercializa\u00e7\u00e3o, com campanhas, produ\u00e7\u00e3o de intelig\u00eancia mercadol\u00f3gica e participa\u00e7\u00e3o em eventos estrat\u00e9gicos. As informa\u00e7\u00f5es s\u00e3o da Ag\u00eancia Sebrae de Not\u00edcias -MS.<\/p>\n<p><strong>Servi\u00e7o<\/strong><\/p>\n<p>Lan\u00e7amento Investe Turismo em Corumb\u00e1<\/p>\n<p>Quando: 10 de setembro (ter\u00e7a-feira)<\/p>\n<p>Hor\u00e1rio: 18h \u00e0s 22h<\/p>\n<p>Local: Barco P\u00e9rola do Pantanal \u2013 Porto Geral de Corumb\u00e1\/MS<\/p>\n","protected":false},"excerpt":{"rendered":"<p>Na pr\u00f3xima ter\u00e7a-feira, 10 de setembro, o Sebrae, Minist\u00e9rio do Turismo, Embratur e Governo do&#8230;<\/p>\n","protected":false},"author":1,"featured_media":0,"comment_status":"closed","ping_status":"closed","sticky":false,"template":"","format":"standard","meta":{"footnotes":""},"categories":[23],"tags":[],"class_list":["post-34555","post","type-post","status-publish","format-standard","hentry","category-turismo"],"_links":{"self":[{"href":"https:\/\/www.corumbaonline.com.br\/news\/wp-json\/wp\/v2\/posts\/34555","targetHints":{"allow":["GET"]}}],"collection":[{"href":"https:\/\/www.corumbaonline.com.br\/news\/wp-json\/wp\/v2\/posts"}],"about":[{"href":"https:\/\/www.corumbaonline.com.br\/news\/wp-json\/wp\/v2\/types\/post"}],"author":[{"embeddable":true,"href":"https:\/\/www.corumbaonline.com.br\/news\/wp-json\/wp\/v2\/users\/1"}],"replies":[{"embeddable":true,"href":"https:\/\/www.corumbaonline.com.br\/news\/wp-json\/wp\/v2\/comments?post=34555"}],"version-history":[{"count":1,"href":"https:\/\/www.corumbaonline.com.br\/news\/wp-json\/wp\/v2\/posts\/34555\/revisions"}],"predecessor-version":[{"id":34556,"href":"https:\/\/www.corumbaonline.com.br\/news\/wp-json\/wp\/v2\/posts\/34555\/revisions\/34556"}],"wp:attachment":[{"href":"https:\/\/www.corumbaonline.com.br\/news\/wp-json\/wp\/v2\/media?parent=34555"}],"wp:term":[{"taxonomy":"category","embeddable":true,"href":"https:\/\/www.corumbaonline.com.br\/news\/wp-json\/wp\/v2\/categories?post=34555"},{"taxonomy":"post_tag","embeddable":true,"href":"https:\/\/www.corumbaonline.com.br\/news\/wp-json\/wp\/v2\/tags?post=34555"}],"curies":[{"name":"wp","href":"https:\/\/api.w.org\/{rel}","templated":true}]}}