{"id":34844,"date":"2019-09-16T09:38:25","date_gmt":"2019-09-16T13:38:25","guid":{"rendered":"http:\/\/www.corumbaonline.com.br\/news\/?p=34844"},"modified":"2019-09-16T09:59:07","modified_gmt":"2019-09-16T13:59:07","slug":"populacao-de-idosos-no-japao-e-a-mais-alta-ja-registrada","status":"publish","type":"post","link":"https:\/\/www.corumbaonline.com.br\/news\/populacao-de-idosos-no-japao-e-a-mais-alta-ja-registrada\/","title":{"rendered":"Popula\u00e7\u00e3o de idosos no Jap\u00e3o \u00e9 a mais alta j\u00e1 registrada"},"content":{"rendered":"<p>Uma pesquisa do governo japon\u00eas revelou que o n\u00famero de pessoas com 65 anos de idade ou mais e sua propor\u00e7\u00e3o em rela\u00e7\u00e3o \u00e0 popula\u00e7\u00e3o total do pa\u00eds registraram novos recordes.<\/p>\n<p>O Minist\u00e9rio do Interior estima que, at\u00e9 domingo (15), a popula\u00e7\u00e3o de idosos era de 35,88 milh\u00f5es de pessoas. Isso representa um aumento de 320 mil em rela\u00e7\u00e3o ao ano passado. Esta segunda-feira (16) marca o Dia do Idoso, um feriado nacional japon\u00eas.<\/p>\n<p>O minist\u00e9rio diz que a propor\u00e7\u00e3o de idosos na popula\u00e7\u00e3o total \u00e9 de 28,4%, um aumento de 0,3 ponto percentual.<\/p>\n<p>Dados das Na\u00e7\u00f5es Unidas revelam que essa propor\u00e7\u00e3o \u00e9 a maior no mundo, seguida pela It\u00e1lia, com 23% e Portugal, com 22,4%.<\/p>\n<p>O Instituto Nacional de Pesquisa sobre Popula\u00e7\u00e3o e Seguridade Social estima que a propor\u00e7\u00e3o de idosos no Jap\u00e3o ser\u00e1 de 35,3% em 2040.<\/p>\n<p>O minist\u00e9rio tamb\u00e9m afirma que o n\u00famero de trabalhadores idosos registrado no ano passado foi de 8,62 milh\u00f5es, representando 12,9% de toda a for\u00e7a de trabalho. Ambos tamb\u00e9m s\u00e3o os n\u00fameros mais altos j\u00e1 registrados.<\/p>\n<h2>Centen\u00e1rios no pa\u00eds<\/h2>\n<p>O Minist\u00e9rio da Sa\u00fade, Trabalho e Bem-Estar Social do Jap\u00e3o anunciou que o n\u00famero de centen\u00e1rios no pa\u00eds ultrapassou a marca de 70 mil. Um novo recorde vem sendo registrado anualmente por 49 anos consecutivos.<\/p>\n<p>Segundo o minist\u00e9rio, 71.238 pessoas ter\u00e3o 100 anos ou mais em 15 de setembro. Houve um aumento de 1.453 pessoas em rela\u00e7\u00e3o ao ano passado. Oitenta e oito por cento s\u00e3o mulheres.<\/p>\n<p>A mais idosa \u00e9 Kane Tanaka, de 116 anos, que mora na cidade de Fukuoka, no sudoeste do Jap\u00e3o. Chitetsu Watanabe \u00e9 o mais velho entre os homens. Ele tem 112 anos e mora na cidade de Joetsu, prov\u00edncia de Niigata, na parte central do Jap\u00e3o.<\/p>\n<p>Havia somente 153 centen\u00e1rios quando o minist\u00e9rio realizou seu primeiro levantamento em 1963. O n\u00famero superou a marca de 10 mil em 1998, e 50 mil em 2012.<\/p>\n","protected":false},"excerpt":{"rendered":"<p>Uma pesquisa do governo japon\u00eas revelou que o n\u00famero de pessoas com 65 anos de&#8230;<\/p>\n","protected":false},"author":1,"featured_media":34846,"comment_status":"closed","ping_status":"closed","sticky":false,"template":"","format":"standard","meta":{"footnotes":""},"categories":[15],"tags":[],"class_list":["post-34844","post","type-post","status-publish","format-standard","has-post-thumbnail","hentry","category-internacional"],"_links":{"self":[{"href":"https:\/\/www.corumbaonline.com.br\/news\/wp-json\/wp\/v2\/posts\/34844","targetHints":{"allow":["GET"]}}],"collection":[{"href":"https:\/\/www.corumbaonline.com.br\/news\/wp-json\/wp\/v2\/posts"}],"about":[{"href":"https:\/\/www.corumbaonline.com.br\/news\/wp-json\/wp\/v2\/types\/post"}],"author":[{"embeddable":true,"href":"https:\/\/www.corumbaonline.com.br\/news\/wp-json\/wp\/v2\/users\/1"}],"replies":[{"embeddable":true,"href":"https:\/\/www.corumbaonline.com.br\/news\/wp-json\/wp\/v2\/comments?post=34844"}],"version-history":[{"count":1,"href":"https:\/\/www.corumbaonline.com.br\/news\/wp-json\/wp\/v2\/posts\/34844\/revisions"}],"predecessor-version":[{"id":34847,"href":"https:\/\/www.corumbaonline.com.br\/news\/wp-json\/wp\/v2\/posts\/34844\/revisions\/34847"}],"wp:featuredmedia":[{"embeddable":true,"href":"https:\/\/www.corumbaonline.com.br\/news\/wp-json\/wp\/v2\/media\/34846"}],"wp:attachment":[{"href":"https:\/\/www.corumbaonline.com.br\/news\/wp-json\/wp\/v2\/media?parent=34844"}],"wp:term":[{"taxonomy":"category","embeddable":true,"href":"https:\/\/www.corumbaonline.com.br\/news\/wp-json\/wp\/v2\/categories?post=34844"},{"taxonomy":"post_tag","embeddable":true,"href":"https:\/\/www.corumbaonline.com.br\/news\/wp-json\/wp\/v2\/tags?post=34844"}],"curies":[{"name":"wp","href":"https:\/\/api.w.org\/{rel}","templated":true}]}}