{"id":34959,"date":"2019-09-18T11:02:40","date_gmt":"2019-09-18T15:02:40","guid":{"rendered":"http:\/\/www.corumbaonline.com.br\/news\/?p=34959"},"modified":"2019-09-18T11:46:45","modified_gmt":"2019-09-18T15:46:45","slug":"evento-no-ms-abordara-reproducao-nutricao-genetica-e-mercado-na-bovinocultura","status":"publish","type":"post","link":"https:\/\/www.corumbaonline.com.br\/news\/evento-no-ms-abordara-reproducao-nutricao-genetica-e-mercado-na-bovinocultura\/","title":{"rendered":"Evento no MS abordar\u00e1 reprodu\u00e7\u00e3o, nutri\u00e7\u00e3o, gen\u00e9tica e mercado na bovinocultura"},"content":{"rendered":"<p>Contagem regressiva para o in\u00edcio da quarta edi\u00e7\u00e3o do Repronutri &#8211; Simp\u00f3sio de reprodu\u00e7\u00e3o, produ\u00e7\u00e3o e nutri\u00e7\u00e3o de bovinos, que este\u00a0ano traz o tema: A pesquisa aplicada ao campo. O simp\u00f3sio ocorrer\u00e1\u00a0nos dias 26 e 27 de setembro, no Centro de Conven\u00e7\u00f5es Rubens Gil de Camillo, em Campo Grande (MS), contando ainda, com um pr\u00e9-evento &#8211; em formato de minicurso sobre manejo reprodutivo &#8211; \u00a0que ser\u00e1 realizado no dia 25\/09. As inscri\u00e7\u00f5es est\u00e3o abertas, com valores diferenciados para as categorias profissional\/estudante. At\u00e9 dia 23 de setembro h\u00e1 descontos para os inscritos.<\/p>\n<p>Segundo os organizadores, durante os tr\u00eas dias ser\u00e3o apresentados resultados recentes de pesquisas que podem ser aplicadas nas propriedades, impactando positivamente os sistemas de produ\u00e7\u00e3o e contribuindo para o desenvolvimento da pecu\u00e1ria nacional. O Grupo de Pesquisa em Reprodu\u00e7\u00e3o, Produ\u00e7\u00e3o e Nutri\u00e7\u00e3o Animal (Repronutri) \u00e9 formado por pesquisadores da Embrapa, UFMS, UEMS, UCDB e UNIDERP-Anhanguera.<\/p>\n<p>Segundo a pesquisadora da Embrapa, e uma das organizadoras do Repronutri, Juliana Corr\u00eaa Borges Silva, o Centro Oeste \u00e9 onde encontramos o maior n\u00famero de cabe\u00e7as de gado e \u00e9 respons\u00e1vel pelo maior volume de abate bovino no Pa\u00eds. &#8220;O Brasil tem o segundo maior rebanho mundial, sendo o maior exportador, ou seja, temos que valorizar os dados coletados aqui . Todas as informa\u00e7\u00f5es contempladas nas palestras do evento s\u00e3o muito importantes para todo o segmento:\u00a0 tanto para produtores, t\u00e9cnicos como estudantes da \u00e1rea&#8221;, detalhou Borges.<\/p>\n<p>Na programa\u00e7\u00e3o ser\u00e3o abordados temas variados relacionados a reprodu\u00e7\u00e3o, gen\u00e9tica, produ\u00e7\u00e3o, nutri\u00e7\u00e3o animal e mercado. Ser\u00e3o apresentados dados locais, por profissionais de alto n\u00edvel t\u00e9cnico-cient\u00edfico e especialistas nacionais e internacionais vinculados a grandes propriedades rurais e empresas, al\u00e9m de mesas redondas com debates entre palestrantes e p\u00fablico.<\/p>\n<p><strong>Destaques:<\/strong><\/p>\n<p>Entre os v\u00e1rios destaques, estar\u00e3o, j\u00e1 na abertura, o pesquisador da ESALQ\/USP Sergio de Zen com uma apresenta\u00e7\u00e3o sobre o &#8220;Panorama e perspectivas do agroneg\u00f3cio Brasileiro&#8221;, seguida por uma apresenta\u00e7\u00e3o sobre Agroneg\u00f3cio e Legisla\u00e7\u00e3o, ministrada pelo advogado Pedro Puttini.<\/p>\n<p>Na \u00e1rea de reprodu\u00e7\u00e3o, a palestra &#8220;Mercado de embri\u00f5es bovinos: os que os n\u00fameros nos ensinam?&#8221;, do pesquisador da Embrapa Cenargen, Joao Henrique Moreira Viana, contar\u00e1 com dados que ilustram desde o in\u00edcio das biotecnias de produ\u00e7\u00e3o in vitro de embri\u00f5es, at\u00e9 os dias de hoje com o mercado.<\/p>\n<p>No \u00faltimo dia, 27\/08, o simp\u00f3sio contar\u00e1 com atra\u00e7\u00f5es internacionais, tendo in\u00edcio com a reconhecida pesquisadora norte-americana Temple Grandin, respons\u00e1vel por revolucionar a cadeia produtiva da pecu\u00e1ria com sua mente inovadora e iniciativas voltadas ao bem-estar animal. A palestra dela tratar\u00e1 sobre &#8220;Boas pr\u00e1ticas de manejo&#8221;.<\/p>\n<p>J\u00e1 o especialista Peter Sutovsky, da Universidade do Missouri\/EUA, tratar\u00e1 sobre os &#8220;Avan\u00e7os na fertilidade de touros e avalia\u00e7\u00e3o do s\u00eamen \u2013 do fen\u00f3tipo esperm\u00e1tico ao genoma e vice-versa&#8221;, trazendo informa\u00e7\u00f5es t\u00e9cnicas e acad\u00eamicas com aplica\u00e7\u00e3o no campo.<\/p>\n<p>O Repronutri 2019 \u00e9 uma realiza\u00e7\u00e3o da Embrapa, Universidade Federal de Mato Grosso do Sul (UFMS), Universidade Estadual de Mato Grosso do Sul (UEMS), Universidade Anhanguera-UNIDERP e Universidade Cat\u00f3lica Dom Bosco (UCDB) e Grupo Repronutri.<\/p>\n<p>O evento tamb\u00e9m \u00e9 realizado por Cia Pecu\u00e1ria Assessoria, FertPlan e InovaGen, com apoio do Governo do Estado de Mato Grosso do Sul (Semagro) e outras empresas. Informa\u00e7\u00f5es: www.repronutri.com.br<\/p>\n<p><strong>Confira a programa\u00e7\u00e3o completa:<\/strong><\/p>\n<p><strong>Dia 25 de Setembro<\/strong><\/p>\n<p>Pr\u00e9-Congresso \u2013 Minicurso Manejo reprodutivo (180 vagas)<\/p>\n<p>08:30 \u2013 Abertura<\/p>\n<p>08:45 \u00e0s 09:35 \u2013 Diagn\u00f3sticos de sistemas de produ\u00e7\u00e3o \u2013 Heitor Romero Marques Junior \u2013 UCDB<\/p>\n<p>09:35 \u00e0s 10:25 \u2013 Manejo Sanit\u00e1rio em Bovinocultura de Corte \u2013 Luiz Carlos Louzada Ferreira \u2013 Cia Pecu\u00e1ria<\/p>\n<p>10:25 \u00e0s 11:00 \u2013 Intervalo<\/p>\n<p>11:00 \u00e0s 11:50 \u2013 Esta\u00e7\u00e3o de Monta em pecu\u00e1ria de Corte \u2013 Alessandra Nicacio \u2013 Embrapa Gado de Corte<\/p>\n<p>11:50 \u00e0s 13:30 \u2013 ALMO\u00c7O<\/p>\n<p>13:30 \u00e0s 14:20 \u2013 Manejo Nutricional de rebanhos de Cria \u2013 Wagner Rodrigues Garcia \u2013 Uniderp<\/p>\n<p>14:30 \u00e0s 14:50 \u2013 Espa\u00e7o colaborador<\/p>\n<p>14:50 \u00e0s 15:40 \u2013 Bases farmacol\u00f3gicas de programas de IATF \u2013 Gustavo Guerino Macedo \u2013 UFMS<\/p>\n<p>15:40 \u00e0s 16:00 \u2013 Intervalo<\/p>\n<p>16:00 \u00e0s 16:50 \u2013 Manejo de IATF em propriedades extensivas \u2013 Aspectos pr\u00e1ticos \u2013 M\u00e1rcio Ribeiro Silva \u2013 Melhore Animal<\/p>\n<p>16:50 \u00e0s 17:40 \u2013 Uso de s\u00eamen refrigerado e sexado na IATF \u2013 Juliana Correa Borges Silva \u2013 Embrapa Pantanal<\/p>\n<p><strong>Dia 26 de setembro- Simp\u00f3sio<\/strong><\/p>\n<p>08:00 \u2013 Abertura<\/p>\n<p>08:30 \u00e0s 09:20 \u2013 Panorama e perspectivas do agroneg\u00f3cio Brasileiro \u2013 Sergio de Zen \u2013 ESALQ\/USP<\/p>\n<p>09:30 \u00e0s 10:20 \u2013 Agroneg\u00f3cio e Legisla\u00e7\u00e3o \u2013 Pedro Puttini \u2013 PM Advocacia<\/p>\n<p>10:20 \u00e0s 10:50 \u2013 Intervalo<\/p>\n<p>10:50 \u00e0s 11:40 \u2013 Situa\u00e7\u00e3o dos confinamentos no MS e no Brasil \u2013 Rodrigo Spengler \u2013 Beef Tec Consultoria<\/p>\n<p>11:40 \u00e0s 12:20 \u2013 Debate<\/p>\n<p>12:20 \u00e0s 14:00 \u2013 Almo\u00e7o<\/p>\n<p>14:00 \u00e0s 14:50 \u2013 Contagem de fol\u00edculos antrais: Qual o real impacto sobre IATF e produ\u00e7\u00e3o de embri\u00f5es?\u00a0 Marcelo Seneda \u2013 Universidade Estadual de Londrina UEL\/PR<\/p>\n<p>14:50 \u00e0s 15:40 \u2013 Suplementa\u00e7\u00e3o de Matrizes \u2013 Marcos Balsalobre \u2013 Balsalobre Consultoria<\/p>\n<p>15:40 \u00e0s 16:10 \u2013 Espa\u00e7o empresa ZOETIS<\/p>\n<p>16:00 \u00e0s 16:30 \u2013 Intervalo<\/p>\n<p>16:30 \u00e0s 17:20 \u2013 Mercado de embri\u00f5es bovinos: os que os n\u00fameros nos ensinam? \u2013 Joao Henrique Moreira Viana \u2013 Embrapa Cenargen<\/p>\n<p>17:20 \u00e0s 17:40 \u2013 Espa\u00e7o Produtor<\/p>\n<p>17:40 \u00e0s 18:10 \u2013 Debate<\/p>\n<p><strong>Dia 27 de Setembro<\/strong><\/p>\n<p>08:00 \u00e0s 09:30 \u2013 Avan\u00e7os em bem-estar animal no mundo \u2013 Temple Grandin \u2013 Universidade Estadual do Colorado\/EUA<\/p>\n<p>09:30 \u00e0s 10:20 \u2013 Iniciativas em bem-estar animal nos Estados Unidos \u2013 Judson Vasconcelos \u2013 Diretor da Am\u00e9rica do Norte, Assuntos Corporativos \u2013 MSD Animal Health<\/p>\n<p>10:20 \u00e0s 10:50 \u2013 Intervalo<\/p>\n<p>10:50 \u00e0s 11:40 \u2013 Atua\u00e7\u00e3o da MSD Sa\u00fade Animal no Brasil atrav\u00e9s do Programa Criando Conex\u00f5es \u2013 Antony Luenenberg<\/p>\n<p>11:40 \u00e0s 12:20 \u2013 Debate<\/p>\n<p>12:20 \u00e0s 14:00 \u2013 Almo\u00e7o<\/p>\n<p>14:00 \u00e0s 14:50 \u2013 Estrat\u00e9gias de produ\u00e7\u00e3o de bezerros e novilhos precoces com efici\u00eancia \u2013 Eriklis Nogueira \u2013 Embrapa Pantanal<\/p>\n<p>14:50 \u00e0s 15:10 \u2013 Espa\u00e7o empresa CARGILL<\/p>\n<p>15:10 \u00e0s 16:00 \u2013 Avan\u00e7os na fertilidade de touros e avalia\u00e7\u00e3o do s\u00eamen \u2013 do fen\u00f3tipo esperm\u00e1tico ao genoma e vice-versa \u2013 Peter Sutovsky \u2013 Universidade do Missouri\/EUA<\/p>\n<p>16:00 \u00e0s 16:25 \u2013 Intervalo<\/p>\n<p>16:25 \u00e0s 16:45 \u2013 Espa\u00e7o produtor<\/p>\n<p>16:45 \u00e0s 17:35 \u2013 Precocidade sexual em nelore \u2013 Eliane Vianna da Costa e Silva \u2013 UFMS<\/p>\n<p>17:35 \u00e0s 18:00 \u2013 Debate<\/p>\n<p>18:00 \u2013 Encerramento<\/p>\n","protected":false},"excerpt":{"rendered":"<p>Contagem regressiva para o in\u00edcio da quarta edi\u00e7\u00e3o do Repronutri &#8211; Simp\u00f3sio de reprodu\u00e7\u00e3o, produ\u00e7\u00e3o&#8230;<\/p>\n","protected":false},"author":1,"featured_media":34960,"comment_status":"closed","ping_status":"closed","sticky":false,"template":"","format":"standard","meta":{"footnotes":""},"categories":[2],"tags":[],"class_list":["post-34959","post","type-post","status-publish","format-standard","has-post-thumbnail","hentry","category-agropecuaria"],"_links":{"self":[{"href":"https:\/\/www.corumbaonline.com.br\/news\/wp-json\/wp\/v2\/posts\/34959","targetHints":{"allow":["GET"]}}],"collection":[{"href":"https:\/\/www.corumbaonline.com.br\/news\/wp-json\/wp\/v2\/posts"}],"about":[{"href":"https:\/\/www.corumbaonline.com.br\/news\/wp-json\/wp\/v2\/types\/post"}],"author":[{"embeddable":true,"href":"https:\/\/www.corumbaonline.com.br\/news\/wp-json\/wp\/v2\/users\/1"}],"replies":[{"embeddable":true,"href":"https:\/\/www.corumbaonline.com.br\/news\/wp-json\/wp\/v2\/comments?post=34959"}],"version-history":[{"count":1,"href":"https:\/\/www.corumbaonline.com.br\/news\/wp-json\/wp\/v2\/posts\/34959\/revisions"}],"predecessor-version":[{"id":34961,"href":"https:\/\/www.corumbaonline.com.br\/news\/wp-json\/wp\/v2\/posts\/34959\/revisions\/34961"}],"wp:featuredmedia":[{"embeddable":true,"href":"https:\/\/www.corumbaonline.com.br\/news\/wp-json\/wp\/v2\/media\/34960"}],"wp:attachment":[{"href":"https:\/\/www.corumbaonline.com.br\/news\/wp-json\/wp\/v2\/media?parent=34959"}],"wp:term":[{"taxonomy":"category","embeddable":true,"href":"https:\/\/www.corumbaonline.com.br\/news\/wp-json\/wp\/v2\/categories?post=34959"},{"taxonomy":"post_tag","embeddable":true,"href":"https:\/\/www.corumbaonline.com.br\/news\/wp-json\/wp\/v2\/tags?post=34959"}],"curies":[{"name":"wp","href":"https:\/\/api.w.org\/{rel}","templated":true}]}}