{"id":35633,"date":"2019-10-07T10:28:07","date_gmt":"2019-10-07T14:28:07","guid":{"rendered":"http:\/\/www.corumbaonline.com.br\/news\/?p=35633"},"modified":"2019-10-07T12:11:18","modified_gmt":"2019-10-07T16:11:18","slug":"papa-inicia-trabalhos-do-sinodo-e-cobra-respeito-aos-indios","status":"publish","type":"post","link":"https:\/\/www.corumbaonline.com.br\/news\/papa-inicia-trabalhos-do-sinodo-e-cobra-respeito-aos-indios\/","title":{"rendered":"Papa inicia trabalhos do S\u00ednodo e cobra respeito aos \u00edndios"},"content":{"rendered":"<p>O papa Francisco deu in\u00edcio nesta segunda-feira (7) aos trabalhos do S\u00ednodo dos Bispos para a Regi\u00e3o Pan-Amaz\u00f4nica, que durante tr\u00eas semanas discutir\u00e1 temas ligados \u00e0 maior floresta tropical do planeta.<\/p>\n<p>A missa de abertura da assembleia foi realizada no domingo (6), na Bas\u00edlica de S\u00e3o Pedro, Vaticano, mas as discuss\u00f5es come\u00e7aram apenas nesta segunda. Antes do in\u00edcio, o l\u00edder cat\u00f3lico liderou uma prociss\u00e3o de sacerdotes, ind\u00edgenas e outros fi\u00e9is da Bas\u00edlica de S\u00e3o Pedro ao plen\u00e1rio do S\u00ednodo, em um ato repleto de canoas, pagaias (um tipo de remo) e cartazes em defesa da Amaz\u00f4nia.<\/p>\n<p class=\"text\">&#8220;Devemos nos aproximar dos povos amaz\u00f4nicos na ponta dos p\u00e9s, respeitando sua hist\u00f3ria, sua cultura, seu estilo de bem viver&#8221;, disse o Papa na abertura da assembleia. O Pont\u00edfice tamb\u00e9m pediu &#8220;prud\u00eancia nas informa\u00e7\u00f5es&#8221; que ser\u00e3o passadas para fora, lembrando que haver\u00e1 um servi\u00e7o de briefing para a imprensa.<\/p>\n<p class=\"text\">O evento deve discutir novas formas de evangeliza\u00e7\u00e3o dos povos amaz\u00f4nicos e a cria\u00e7\u00e3o de uma &#8220;ecologia integral&#8221; que garanta a preserva\u00e7\u00e3o da floresta, em linha com a &#8220;Louvado seja&#8221;, enc\u00edclica ambiental de Francisco.<\/p>\n<p class=\"text\">&#8220;Um processo como o S\u00ednodo pode ser um pouco afetado se cada um disser o que pensa ao sair da sala. Informa\u00e7\u00f5es dadas com imprud\u00eancia levam a equ\u00edvocos&#8221;, acrescentou. Jorge Bergoglio ainda alertou que os padres e bispos n\u00e3o foram ao Vaticano para &#8220;inventar programas de desenvolvimento social ou de tutela das culturas como se elas fossem um museu&#8221;.<\/p>\n<p class=\"text\">&#8220;Isso n\u00e3o respeitaria a realidade de um povo, que deve ser soberana&#8221;, declarou. Al\u00e9m disso, pediu respeito \u00e0s roupas e aos costumes dos povos ind\u00edgenas. &#8220;Fiquei triste com um coment\u00e1rio de brincadeira sobre um senhor que tinha plumas no chap\u00e9u. Qual \u00e9 a diferen\u00e7a entre as plumas e os tric\u00f3rnios que alguns oficiais usam em nossos dicast\u00e9rios?&#8221;, questionou.<\/p>\n<h2><strong>Discuss\u00e3o<\/strong><\/h2>\n<p class=\"text\">O S\u00ednodo acontece at\u00e9 o dia 27 de outubro e tem como relator o cardeal brasileiro e arcebispo em\u00e9rito de S\u00e3o Paulo, Cl\u00e1udio Hummes.<\/p>\n<p class=\"text\">Em seu primeiro pronunciamento na assembleia, Hummes lembrou que a Amaz\u00f4nia sofre com uma &#8220;car\u00eancia de presb\u00edteros&#8221; que leva \u00e0 aus\u00eancia dos sacramentos, como a Eucaristia.<\/p>\n<p class=\"text\">&#8220;As comunidades ind\u00edgenas nos pediram que &#8211; embora confirmando o valor do celibato na Igreja -, frente \u00e0 necessidade da maior parte das comunidades cat\u00f3licas na Amaz\u00f4nia, se abra caminho \u00e0 ordena\u00e7\u00e3o sacerdotal de homens casados residentes na comunidade&#8221;, disse o brasileiro.<\/p>\n<p class=\"text\">A proposta de ordenar homens casados &#8211; preferivelmente ind\u00edgenas &#8211; como padres \u00e9 motivo de oposi\u00e7\u00e3o na Igreja Cat\u00f3lica e gerou at\u00e9 acusa\u00e7\u00f5es de heresia por parte de bispos ultraconservadores, como o cardeal americano Raymond Burke.<\/p>\n<p class=\"text\">O S\u00ednodo tamb\u00e9m discutir\u00e1 formas de aumentar o papel das mulheres na vida da igreja amaz\u00f4nica. Hummes ainda denunciou que a floresta est\u00e1 &#8220;cada vez mais amea\u00e7ada por interesses econ\u00f4micos e pol\u00edticos dos setores dominantes da sociedade&#8221;.<\/p>\n<p class=\"text\">O cardeal apontou o dedo contra &#8220;empresas que extraem de modo predat\u00f3rio e irrespons\u00e1vel &#8211; legal ou ilegalmente &#8211; as riquezas do subsolo e alteram a biodiversidade, frequentemente com a coniv\u00eancia ou a permissividade de governos locais e nacionais, e \u00e0s vezes at\u00e9 com o consenso de algumas autoridades ind\u00edgenas&#8221;.<\/p>\n<p class=\"text\">Segundo Hummes, o S\u00ednodo tamb\u00e9m deve tratar de quest\u00f5es como o assassinato de l\u00edderes ambientalistas, megaprojetos de infraestrutura e a viol\u00eancia contra as mulheres.<\/p>\n","protected":false},"excerpt":{"rendered":"<p>O papa Francisco deu in\u00edcio nesta segunda-feira (7) aos trabalhos do S\u00ednodo dos Bispos para&#8230;<\/p>\n","protected":false},"author":1,"featured_media":0,"comment_status":"closed","ping_status":"closed","sticky":false,"template":"","format":"standard","meta":{"footnotes":""},"categories":[15],"tags":[],"class_list":["post-35633","post","type-post","status-publish","format-standard","hentry","category-internacional"],"_links":{"self":[{"href":"https:\/\/www.corumbaonline.com.br\/news\/wp-json\/wp\/v2\/posts\/35633","targetHints":{"allow":["GET"]}}],"collection":[{"href":"https:\/\/www.corumbaonline.com.br\/news\/wp-json\/wp\/v2\/posts"}],"about":[{"href":"https:\/\/www.corumbaonline.com.br\/news\/wp-json\/wp\/v2\/types\/post"}],"author":[{"embeddable":true,"href":"https:\/\/www.corumbaonline.com.br\/news\/wp-json\/wp\/v2\/users\/1"}],"replies":[{"embeddable":true,"href":"https:\/\/www.corumbaonline.com.br\/news\/wp-json\/wp\/v2\/comments?post=35633"}],"version-history":[{"count":1,"href":"https:\/\/www.corumbaonline.com.br\/news\/wp-json\/wp\/v2\/posts\/35633\/revisions"}],"predecessor-version":[{"id":35634,"href":"https:\/\/www.corumbaonline.com.br\/news\/wp-json\/wp\/v2\/posts\/35633\/revisions\/35634"}],"wp:attachment":[{"href":"https:\/\/www.corumbaonline.com.br\/news\/wp-json\/wp\/v2\/media?parent=35633"}],"wp:term":[{"taxonomy":"category","embeddable":true,"href":"https:\/\/www.corumbaonline.com.br\/news\/wp-json\/wp\/v2\/categories?post=35633"},{"taxonomy":"post_tag","embeddable":true,"href":"https:\/\/www.corumbaonline.com.br\/news\/wp-json\/wp\/v2\/tags?post=35633"}],"curies":[{"name":"wp","href":"https:\/\/api.w.org\/{rel}","templated":true}]}}