{"id":35635,"date":"2019-10-07T10:40:30","date_gmt":"2019-10-07T14:40:30","guid":{"rendered":"http:\/\/www.corumbaonline.com.br\/news\/?p=35635"},"modified":"2019-10-07T12:12:32","modified_gmt":"2019-10-07T16:12:32","slug":"papa-pede-respeito-aos-indigenas-e-diz-que-ideologias-sao-uma-arma-perigosa","status":"publish","type":"post","link":"https:\/\/www.corumbaonline.com.br\/news\/papa-pede-respeito-aos-indigenas-e-diz-que-ideologias-sao-uma-arma-perigosa\/","title":{"rendered":"Papa pede respeito aos ind\u00edgenas e diz que &#8216;ideologias s\u00e3o uma arma perigosa&#8217;"},"content":{"rendered":"<p>No discurso de abertura dos trabalhos do\u00a0<strong>S\u00ednodo dos Bispos Sobre a Amaz\u00f4nia<\/strong>, na manh\u00e3 desta segunda-feira, 7, o papa Francisco recordou o passado em que a Igreja Cat\u00f3lica procurou catequizar povos ind\u00edgenas, cobrou respeito \u00e0s diferentes culturas e afirmou que &#8220;as ideologias s\u00e3o uma arma perigosa&#8221;.<\/p>\n<p>Para o pont\u00edfice, coloniza\u00e7\u00f5es ideol\u00f3gicas &#8220;destroem ou reduzem as idiossincrasias das pessoas&#8221; e esse tipo de conduta \u00e9 um risco, pois n\u00e3o se pode &#8220;domesticar os povos nativos&#8221;. Francisco fez um mea-culpa, afirmando que a pr\u00f3pria Igreja, quando se esqueceu disso, acabou por &#8220;menosprezar&#8221; povos e culturas.<\/p>\n<p class=\"text\">&#8220;<em>(As ideologias)<\/em>\u00a0s\u00e3o redutivas e nos levam ao exagero em nossa pretens\u00e3o de entender intelectualmente, mas sem aceitar, entender sem admirar, receber a realidade em categorias, em &#8216;ismos&#8217;. Quando precisamos nos aproximar da realidade de algumas pessoas nativas, falamos sobre indigenismos e, quando queremos dar a eles uma pista para uma vida melhor, n\u00e3o perguntamos, falamos sobre desenvolvimentismo&#8221;, disse o pont\u00edfice.<\/p>\n<p class=\"text\">Francisco afirmou que \u00e9 preciso abordar os povos amaz\u00f4nicos &#8220;respeitando sua hist\u00f3ria, suas culturas, seu estilo de vida&#8221;.<\/p>\n<p class=\"text\">&#8220;Porque todos os povos t\u00eam sua pr\u00f3pria sabedoria, autoconsci\u00eancia, os povos t\u00eam sentimento, uma maneira de ver a realidade, uma hist\u00f3ria e tendem a ser protagonistas de suas hist\u00f3rias com essas qualidades&#8221;, disse.<\/p>\n<p class=\"text\">O papa destacou que o encontro dos religiosos no Vaticano tem quatro dimens\u00f5es: pastoral, cultural, social e ecol\u00f3gica.<\/p>\n<p class=\"text\">&#8220;A dimens\u00e3o pastoral \u00e9 o essencial, que abrange tudo. Nos aproximamos com um cora\u00e7\u00e3o crist\u00e3o e vemos a realidade da Amaz\u00f4nia com os olhos de um disc\u00edpulo para entend\u00ea-la e interpret\u00e1-la com os olhos de um disc\u00edpulo, porque n\u00e3o h\u00e1 hermen\u00eautica neutra, hermen\u00eautica ass\u00e9ptica.&#8221;<\/p>\n","protected":false},"excerpt":{"rendered":"<p>No discurso de abertura dos trabalhos do\u00a0S\u00ednodo dos Bispos Sobre a Amaz\u00f4nia, na manh\u00e3 desta&#8230;<\/p>\n","protected":false},"author":1,"featured_media":0,"comment_status":"closed","ping_status":"closed","sticky":false,"template":"","format":"standard","meta":{"footnotes":""},"categories":[15],"tags":[],"class_list":["post-35635","post","type-post","status-publish","format-standard","hentry","category-internacional"],"_links":{"self":[{"href":"https:\/\/www.corumbaonline.com.br\/news\/wp-json\/wp\/v2\/posts\/35635","targetHints":{"allow":["GET"]}}],"collection":[{"href":"https:\/\/www.corumbaonline.com.br\/news\/wp-json\/wp\/v2\/posts"}],"about":[{"href":"https:\/\/www.corumbaonline.com.br\/news\/wp-json\/wp\/v2\/types\/post"}],"author":[{"embeddable":true,"href":"https:\/\/www.corumbaonline.com.br\/news\/wp-json\/wp\/v2\/users\/1"}],"replies":[{"embeddable":true,"href":"https:\/\/www.corumbaonline.com.br\/news\/wp-json\/wp\/v2\/comments?post=35635"}],"version-history":[{"count":1,"href":"https:\/\/www.corumbaonline.com.br\/news\/wp-json\/wp\/v2\/posts\/35635\/revisions"}],"predecessor-version":[{"id":35636,"href":"https:\/\/www.corumbaonline.com.br\/news\/wp-json\/wp\/v2\/posts\/35635\/revisions\/35636"}],"wp:attachment":[{"href":"https:\/\/www.corumbaonline.com.br\/news\/wp-json\/wp\/v2\/media?parent=35635"}],"wp:term":[{"taxonomy":"category","embeddable":true,"href":"https:\/\/www.corumbaonline.com.br\/news\/wp-json\/wp\/v2\/categories?post=35635"},{"taxonomy":"post_tag","embeddable":true,"href":"https:\/\/www.corumbaonline.com.br\/news\/wp-json\/wp\/v2\/tags?post=35635"}],"curies":[{"name":"wp","href":"https:\/\/api.w.org\/{rel}","templated":true}]}}