{"id":35696,"date":"2019-10-08T15:46:16","date_gmt":"2019-10-08T19:46:16","guid":{"rendered":"http:\/\/www.corumbaonline.com.br\/news\/?p=35696"},"modified":"2019-10-08T16:55:55","modified_gmt":"2019-10-08T20:55:55","slug":"nao-assinaremos-acordo-do-mercosul-diz-ministra-da-franca","status":"publish","type":"post","link":"https:\/\/www.corumbaonline.com.br\/news\/nao-assinaremos-acordo-do-mercosul-diz-ministra-da-franca\/","title":{"rendered":"N\u00e3o assinaremos acordo do Mercosul, diz ministra da Fran\u00e7a"},"content":{"rendered":"<p>A\u00a0Fran\u00e7a\u00a0n\u00e3o assinar\u00e1 o acordo\u00a0UE-Mercosul\u00a0sobre quest\u00f5es agr\u00edcolas alcan\u00e7ado pela\u00a0Uni\u00e3o Europeia\u00a0e os pa\u00edses do\u00a0Mercosul\u00a0nas condi\u00e7\u00f5es atuais, afirmou nesta ter\u00e7a-feira (8) a ministra francesa do Meio Ambiente,\u00a0Elisabeth Borne. O bloco sul-americano \u00e9 composto por\u00a0Brasil, Argentina, Uruguai e Paraguai.<\/p>\n<p>&#8220;N\u00e3o podemos assinar um tratado comercial com um pa\u00eds que n\u00e3o respeita a floresta amaz\u00f4nica, que n\u00e3o respeita o tratado de Paris (do clima). A Fran\u00e7a n\u00e3o assinar\u00e1 o acordo do Mercosul nessas condi\u00e7\u00f5es&#8221;, disse a ministra \u00e0 emissora de televis\u00e3o\u00a0BFM.<\/p>\n<p>O presidente da Fran\u00e7a,\u00a0Emmanuel Macron, disse no final de agosto que havia decidido bloquear o acordo\u00a0UE-Mercosul, acusando o presidente\u00a0Jair Bolsonaro\u00a0de minimizar as preocupa\u00e7\u00f5es com as mudan\u00e7as clim\u00e1ticas, atraindo cr\u00edticas da Alemanha e do Reino Unido.<\/p>\n","protected":false},"excerpt":{"rendered":"<p>A\u00a0Fran\u00e7a\u00a0n\u00e3o assinar\u00e1 o acordo\u00a0UE-Mercosul\u00a0sobre quest\u00f5es agr\u00edcolas alcan\u00e7ado pela\u00a0Uni\u00e3o Europeia\u00a0e os pa\u00edses do\u00a0Mercosul\u00a0nas condi\u00e7\u00f5es atuais, afirmou&#8230;<\/p>\n","protected":false},"author":1,"featured_media":0,"comment_status":"closed","ping_status":"closed","sticky":false,"template":"","format":"standard","meta":{"footnotes":""},"categories":[15],"tags":[],"class_list":["post-35696","post","type-post","status-publish","format-standard","hentry","category-internacional"],"_links":{"self":[{"href":"https:\/\/www.corumbaonline.com.br\/news\/wp-json\/wp\/v2\/posts\/35696","targetHints":{"allow":["GET"]}}],"collection":[{"href":"https:\/\/www.corumbaonline.com.br\/news\/wp-json\/wp\/v2\/posts"}],"about":[{"href":"https:\/\/www.corumbaonline.com.br\/news\/wp-json\/wp\/v2\/types\/post"}],"author":[{"embeddable":true,"href":"https:\/\/www.corumbaonline.com.br\/news\/wp-json\/wp\/v2\/users\/1"}],"replies":[{"embeddable":true,"href":"https:\/\/www.corumbaonline.com.br\/news\/wp-json\/wp\/v2\/comments?post=35696"}],"version-history":[{"count":1,"href":"https:\/\/www.corumbaonline.com.br\/news\/wp-json\/wp\/v2\/posts\/35696\/revisions"}],"predecessor-version":[{"id":35697,"href":"https:\/\/www.corumbaonline.com.br\/news\/wp-json\/wp\/v2\/posts\/35696\/revisions\/35697"}],"wp:attachment":[{"href":"https:\/\/www.corumbaonline.com.br\/news\/wp-json\/wp\/v2\/media?parent=35696"}],"wp:term":[{"taxonomy":"category","embeddable":true,"href":"https:\/\/www.corumbaonline.com.br\/news\/wp-json\/wp\/v2\/categories?post=35696"},{"taxonomy":"post_tag","embeddable":true,"href":"https:\/\/www.corumbaonline.com.br\/news\/wp-json\/wp\/v2\/tags?post=35696"}],"curies":[{"name":"wp","href":"https:\/\/api.w.org\/{rel}","templated":true}]}}