{"id":35970,"date":"2019-10-17T15:31:03","date_gmt":"2019-10-17T19:31:03","guid":{"rendered":"http:\/\/www.corumbaonline.com.br\/news\/?p=35970"},"modified":"2019-10-17T16:01:07","modified_gmt":"2019-10-17T20:01:07","slug":"bolivianos-vao-as-urnas-no-domingo-para-eleger-presidente","status":"publish","type":"post","link":"https:\/\/www.corumbaonline.com.br\/news\/bolivianos-vao-as-urnas-no-domingo-para-eleger-presidente\/","title":{"rendered":"Bolivianos v\u00e3o \u00e0s urnas no domingo para eleger presidente"},"content":{"rendered":"<p>Neste domingo (20), a Bol\u00edvia ter\u00e1 elei\u00e7\u00f5es para a escolha de presidente, vice-presidente e para a renova\u00e7\u00e3o dos cargos legislativos (senadores e deputados).<\/p>\n<p>O atual presidente, Evo Morales, concorre ao quarto mandato consecutivo, com uma candidatura \u00e0 reelei\u00e7\u00e3o questionada pela oposi\u00e7\u00e3o.<\/p>\n<p>Em fevereiro de 2016, Morales perdeu nas urnas um referendo sobre a possibilidade de reelei\u00e7\u00e3o. Os bolivianos votaram pelo &#8220;n\u00e3o&#8221;, com 51,3% dos votos. No entanto, uma decis\u00e3o do Tribunal Constitucional, em 2017, habilitou Morales a seguir concorrendo \u00e0 reelei\u00e7\u00e3o indefinidamente, alegando que \u00e9 um direito humano o de &#8220;eleger e ser eleito&#8221;.<\/p>\n<p>A oposi\u00e7\u00e3o diz que Morales est\u00e1 desrespeitando o voto e a escolha dos cidad\u00e3os no referendo de 2016.<\/p>\n<div class=\"dnd-widget-wrapper context-medio_4colunas type-image atom-align-left\">\n<div class=\"dnd-atom-rendered\">\n<figure class=\"mejs-fotoh-wrapper\">\n<p><figure style=\"width: 365px\" class=\"wp-caption alignnone\"><img loading=\"lazy\" decoding=\"async\" class=\"img-responsive full full\" title=\"Enzo De Luca\/Presid\u00eancia boliviana\/via Reuters\/Direitos reservados\" src=\"http:\/\/imagens.ebc.com.br\/H4hhW_qmNY1hpnQXQkH-h45LNtg=\/365x0\/smart\/http:\/\/agenciabrasil.ebc.com.br\/sites\/default\/files\/thumbnails\/image\/o_presidente_da_bolivia_evo_morales.jpg?itok=9HeTFocE\" alt=\"O presidente da Bol\u00edvia, Evo Morales\" width=\"365\" height=\"244\" \/><figcaption class=\"wp-caption-text\">\u00a0Evo Morales\u00a0concorre ao quarto mandato consecutivo (Enzo De Luca\/Presid\u00eancia boliviana\/via Reuters\/Direitos reservados)<\/figcaption><\/figure><\/figure>\n<\/div>\n<\/div>\n<h2>Pesquisas<\/h2>\n<p>H\u00e1 dois candidatos fortes e em polos opostos na Bol\u00edvia. De um lado est\u00e1 Morales, do partido Movimento ao Socialismo, h\u00e1 13 anos no poder. De outro lado est\u00e1 o ex-presidente Carlos Mesa, do partido Comunidad Ciudadana. Al\u00e9m deles, participam da disputa \u00d3scar Ortiz, ex-senador, e Chi Hyun Chung, um pastor evang\u00e9lico coreano-boliviano.<\/p>\n<p>Uma pesquisa feita pelo Instituto Ipsos aponta para uma vit\u00f3ria em primeiro turno de Morales, com cerca de 40% dos votos; contra 22% dos votos para Mesa. No caso de a vota\u00e7\u00e3o ir a segundo turno, Morales receberia, de acordo com a pesquisa, 47% dos votos, contra 39% de Mesa.<\/p>\n<p>Outra sondagem, realizada pela Universidad Mayor de San Andr\u00e9s, prev\u00ea um primeiro turno mais apertado entre os candidatos, com 32% para Evo e 27% para Mesa. Neste caso, a vota\u00e7\u00e3o iria a segundo turno.<\/p>\n<p>\u00d3scar Ortiz tem cerca de 10% dos votos e Chi Hyun Chung, 6%. Os indecisos s\u00e3o cerca de 8% dos votantes. A Bol\u00edvia nunca teve elei\u00e7\u00f5es em segundo turno.<\/p>\n<p>A partir de hoje (17), os candidatos n\u00e3o podem mais fazer atos de campanha.<\/p>\n","protected":false},"excerpt":{"rendered":"<p>Neste domingo (20), a Bol\u00edvia ter\u00e1 elei\u00e7\u00f5es para a escolha de presidente, vice-presidente e para&#8230;<\/p>\n","protected":false},"author":1,"featured_media":0,"comment_status":"closed","ping_status":"closed","sticky":false,"template":"","format":"standard","meta":{"footnotes":""},"categories":[15],"tags":[],"class_list":["post-35970","post","type-post","status-publish","format-standard","hentry","category-internacional"],"_links":{"self":[{"href":"https:\/\/www.corumbaonline.com.br\/news\/wp-json\/wp\/v2\/posts\/35970","targetHints":{"allow":["GET"]}}],"collection":[{"href":"https:\/\/www.corumbaonline.com.br\/news\/wp-json\/wp\/v2\/posts"}],"about":[{"href":"https:\/\/www.corumbaonline.com.br\/news\/wp-json\/wp\/v2\/types\/post"}],"author":[{"embeddable":true,"href":"https:\/\/www.corumbaonline.com.br\/news\/wp-json\/wp\/v2\/users\/1"}],"replies":[{"embeddable":true,"href":"https:\/\/www.corumbaonline.com.br\/news\/wp-json\/wp\/v2\/comments?post=35970"}],"version-history":[{"count":1,"href":"https:\/\/www.corumbaonline.com.br\/news\/wp-json\/wp\/v2\/posts\/35970\/revisions"}],"predecessor-version":[{"id":35971,"href":"https:\/\/www.corumbaonline.com.br\/news\/wp-json\/wp\/v2\/posts\/35970\/revisions\/35971"}],"wp:attachment":[{"href":"https:\/\/www.corumbaonline.com.br\/news\/wp-json\/wp\/v2\/media?parent=35970"}],"wp:term":[{"taxonomy":"category","embeddable":true,"href":"https:\/\/www.corumbaonline.com.br\/news\/wp-json\/wp\/v2\/categories?post=35970"},{"taxonomy":"post_tag","embeddable":true,"href":"https:\/\/www.corumbaonline.com.br\/news\/wp-json\/wp\/v2\/tags?post=35970"}],"curies":[{"name":"wp","href":"https:\/\/api.w.org\/{rel}","templated":true}]}}