{"id":36692,"date":"2019-11-12T08:26:38","date_gmt":"2019-11-12T12:26:38","guid":{"rendered":"http:\/\/www.corumbaonline.com.br\/news\/?p=36692"},"modified":"2019-11-12T08:41:38","modified_gmt":"2019-11-12T12:41:38","slug":"mexico-concede-asilo-politico-a-evo-morales","status":"publish","type":"post","link":"https:\/\/www.corumbaonline.com.br\/news\/mexico-concede-asilo-politico-a-evo-morales\/","title":{"rendered":"M\u00e9xico concede asilo pol\u00edtico a Evo Morales"},"content":{"rendered":"<p>O M\u00e9xico concedeu hoje (11) asilo pol\u00edtico ao ex-presidente da Bol\u00edvia Evo Morales. Por meio de sua conta na rede social Twitter, o chanceler mexicano, Marcelo Ebrard, confirmou a informa\u00e7\u00e3o. O l\u00edder boliviano\u00a0<a href=\"http:\/\/agenciabrasil.ebc.com.br\/internacional\/noticia\/2019-11\/em-meio-protestos-evo-morales-renuncia-presidencia-da-bolivia\" target=\"_blank\" rel=\"noopener noreferrer\">renunciou ao cargo<\/a>\u00a0ontem (10) ap\u00f3s uma onda de protestos que j\u00e1 durava 21 dias.<\/p>\n<p>\u201cFaremos valer o direito de asilo que o M\u00e9xico sempre promoveu e exerceu em diferentes circunst\u00e2ncias hist\u00f3ricas que caracterizam nossa pol\u00edtica externa\u201d, destacou nota divulgada pelo governo mexicano. O comunicado cita que o pa\u00eds vai pedir uma reuni\u00e3o urgente com a Organiza\u00e7\u00e3o dos Estados Americanos (OEA) para tratar dos recentes acontecimentos na Bol\u00edvia.<\/p>\n<p>Al\u00e9m de Evo, tamb\u00e9m renunciaram ao cargo o vice-presidente do pa\u00eds, \u00c1lvaro Garc\u00eda Linera, o presidente da C\u00e2mara de Deputados, V\u00edctor Borda, e a presidente do Senado, Adriana Salvatierra. Cabe agora ao Legislativo escolher um novo presidente do Senado, para que possa acatar a ren\u00fancia de Morales e dar in\u00edcio ao processo de novas elei\u00e7\u00f5es.<\/p>\n","protected":false},"excerpt":{"rendered":"<p>O M\u00e9xico concedeu hoje (11) asilo pol\u00edtico ao ex-presidente da Bol\u00edvia Evo Morales. Por meio&#8230;<\/p>\n","protected":false},"author":1,"featured_media":36693,"comment_status":"closed","ping_status":"closed","sticky":false,"template":"","format":"standard","meta":{"footnotes":""},"categories":[15],"tags":[],"class_list":["post-36692","post","type-post","status-publish","format-standard","has-post-thumbnail","hentry","category-internacional"],"_links":{"self":[{"href":"https:\/\/www.corumbaonline.com.br\/news\/wp-json\/wp\/v2\/posts\/36692","targetHints":{"allow":["GET"]}}],"collection":[{"href":"https:\/\/www.corumbaonline.com.br\/news\/wp-json\/wp\/v2\/posts"}],"about":[{"href":"https:\/\/www.corumbaonline.com.br\/news\/wp-json\/wp\/v2\/types\/post"}],"author":[{"embeddable":true,"href":"https:\/\/www.corumbaonline.com.br\/news\/wp-json\/wp\/v2\/users\/1"}],"replies":[{"embeddable":true,"href":"https:\/\/www.corumbaonline.com.br\/news\/wp-json\/wp\/v2\/comments?post=36692"}],"version-history":[{"count":1,"href":"https:\/\/www.corumbaonline.com.br\/news\/wp-json\/wp\/v2\/posts\/36692\/revisions"}],"predecessor-version":[{"id":36694,"href":"https:\/\/www.corumbaonline.com.br\/news\/wp-json\/wp\/v2\/posts\/36692\/revisions\/36694"}],"wp:featuredmedia":[{"embeddable":true,"href":"https:\/\/www.corumbaonline.com.br\/news\/wp-json\/wp\/v2\/media\/36693"}],"wp:attachment":[{"href":"https:\/\/www.corumbaonline.com.br\/news\/wp-json\/wp\/v2\/media?parent=36692"}],"wp:term":[{"taxonomy":"category","embeddable":true,"href":"https:\/\/www.corumbaonline.com.br\/news\/wp-json\/wp\/v2\/categories?post=36692"},{"taxonomy":"post_tag","embeddable":true,"href":"https:\/\/www.corumbaonline.com.br\/news\/wp-json\/wp\/v2\/tags?post=36692"}],"curies":[{"name":"wp","href":"https:\/\/api.w.org\/{rel}","templated":true}]}}