{"id":36709,"date":"2019-11-12T09:37:11","date_gmt":"2019-11-12T13:37:11","guid":{"rendered":"http:\/\/www.corumbaonline.com.br\/news\/?p=36709"},"modified":"2019-11-12T11:28:51","modified_gmt":"2019-11-12T15:28:51","slug":"apos-renuncia-evo-morales-anuncia-saida-da-bolivia-rumo-a-asilo-politico-no-mexico","status":"publish","type":"post","link":"https:\/\/www.corumbaonline.com.br\/news\/apos-renuncia-evo-morales-anuncia-saida-da-bolivia-rumo-a-asilo-politico-no-mexico\/","title":{"rendered":"Ex-presidente da Bol\u00edvia chega ao M\u00e9xico ainda hoje"},"content":{"rendered":"<p>O avi\u00e3o da For\u00e7a A\u00e9rea Mexicana, que leva o ex-presidente da Bol\u00edvia, Evo Morales, chegar\u00e1 na manh\u00e3 de hoje (12) na Cidade do M\u00e9xico. Morales renunciou no \u00faltimo domingo, ap\u00f3s press\u00e3o das For\u00e7as Armadas e policiais. Ele aceitou asilo pol\u00edtico no M\u00e9xico e afirmou no Twitter que voltar\u00e1 &#8220;com mais for\u00e7a e energia&#8221;.<\/p>\n<p>De acordo com a imprensa mexicana, o voo de Evo, que fez uma primeira escala em Assun\u00e7\u00e3o, no Paraguai, para abastecimento, decolou rumo ao M\u00e9xico por volta das 2h da manh\u00e3. Estima-se que a viagem dure entre 7 e 8 horas.<\/p>\n<div class=\"dnd-widget-wrapper context-cheio_8colunas type-image\">\n<div class=\"dnd-atom-rendered\">\n<figure class=\"mejs-fotoh-wrapper\">\n<p><figure style=\"width: 754px\" class=\"wp-caption alignnone\"><img loading=\"lazy\" decoding=\"async\" class=\"img-responsive full full\" title=\"REUTERS\/David Mercado\/Direitos Reservados\" src=\"http:\/\/imagens.ebc.com.br\/3qW4Ds9Hr1qlXbJIWeh-craliwU=\/754x0\/smart\/http:\/\/agenciabrasil.ebc.com.br\/sites\/default\/files\/thumbnails\/image\/2019-10-24t123052z_1181455876_rc11daec9a00_rtrmadp_3_bolivia-election.jpg?itok=APN7BmY_\" alt=\"Presidente Evo Morales fala durante confer\u00eancia REUTERS\/David Mercado\/Direitos reservados\" width=\"754\" height=\"494\" \/><figcaption class=\"wp-caption-text\">Evo Morales deixou a Bol\u00edvia e pediu asilo ao governo do M\u00e9xico \u00a0\u00a0(Arquivo\/\u00a0Reuters\/David Mercado\/Direitos Reservados)<\/figcaption><\/figure><\/figure>\n<\/div>\n<\/div>\n<p>&#8220;Irm\u00e3s e irm\u00e3os, parto para o M\u00e9xico agradecido pelo apoio do governo deste povo irm\u00e3o que nos deu asilo para cuidar de nossas vidas. D\u00f3i sair do pa\u00eds por raz\u00f5es pol\u00edticas, mas sempre estarei pendente. Em breve, voltarei com mais for\u00e7a e energia&#8221;, afirmou Morales, antes de embarcar na aeronave que o leva at\u00e9 o M\u00e9xico.<\/p>\n<p>O chanceler mexicano, Marcelo Ebrard, informou ontem, em um comunicado, que o asilo foi concedido a Evo Morales por raz\u00f5es humanit\u00e1rias e em virtude da situa\u00e7\u00e3o de viol\u00eancia que vive a Bol\u00edvia, onde sua vida e integridade estariam em risco. &#8220;H\u00e1 alguns instantes recebi um telefonema do presidente Evo Morales, no qual ele aceitou o nosso convite e solicitou formalmente asilo pol\u00edtico&#8221;, afirmou Ebrard.<\/p>\n<p>Ebrard explicou que a vida do ex-presidente boliviano corre perigo e que a Organiza\u00e7\u00e3o das Na\u00e7\u00f5es Unidas (ONU) ser\u00e1 comunicada para que proporcione a devida prote\u00e7\u00e3o internacional.<\/p>\n<p>&#8220;A concess\u00e3o de asilo \u00e9 um direito soberano do Estado mexicano, de acordo com seus princ\u00edpios normativos em pol\u00edtica externa para a prote\u00e7\u00e3o dos direitos humanos, o respeito \u00e0 autodetermina\u00e7\u00e3o dos povos e \u00e0 resolu\u00e7\u00e3o pac\u00edfica de controv\u00e9rsias e a n\u00e3o interven\u00e7\u00e3o&#8221;, diz o comunicado do governo mexicano.<\/p>\n","protected":false},"excerpt":{"rendered":"<p>O avi\u00e3o da For\u00e7a A\u00e9rea Mexicana, que leva o ex-presidente da Bol\u00edvia, Evo Morales, chegar\u00e1&#8230;<\/p>\n","protected":false},"author":1,"featured_media":36627,"comment_status":"closed","ping_status":"closed","sticky":false,"template":"","format":"standard","meta":{"footnotes":""},"categories":[15],"tags":[],"class_list":["post-36709","post","type-post","status-publish","format-standard","has-post-thumbnail","hentry","category-internacional"],"_links":{"self":[{"href":"https:\/\/www.corumbaonline.com.br\/news\/wp-json\/wp\/v2\/posts\/36709","targetHints":{"allow":["GET"]}}],"collection":[{"href":"https:\/\/www.corumbaonline.com.br\/news\/wp-json\/wp\/v2\/posts"}],"about":[{"href":"https:\/\/www.corumbaonline.com.br\/news\/wp-json\/wp\/v2\/types\/post"}],"author":[{"embeddable":true,"href":"https:\/\/www.corumbaonline.com.br\/news\/wp-json\/wp\/v2\/users\/1"}],"replies":[{"embeddable":true,"href":"https:\/\/www.corumbaonline.com.br\/news\/wp-json\/wp\/v2\/comments?post=36709"}],"version-history":[{"count":3,"href":"https:\/\/www.corumbaonline.com.br\/news\/wp-json\/wp\/v2\/posts\/36709\/revisions"}],"predecessor-version":[{"id":36713,"href":"https:\/\/www.corumbaonline.com.br\/news\/wp-json\/wp\/v2\/posts\/36709\/revisions\/36713"}],"wp:featuredmedia":[{"embeddable":true,"href":"https:\/\/www.corumbaonline.com.br\/news\/wp-json\/wp\/v2\/media\/36627"}],"wp:attachment":[{"href":"https:\/\/www.corumbaonline.com.br\/news\/wp-json\/wp\/v2\/media?parent=36709"}],"wp:term":[{"taxonomy":"category","embeddable":true,"href":"https:\/\/www.corumbaonline.com.br\/news\/wp-json\/wp\/v2\/categories?post=36709"},{"taxonomy":"post_tag","embeddable":true,"href":"https:\/\/www.corumbaonline.com.br\/news\/wp-json\/wp\/v2\/tags?post=36709"}],"curies":[{"name":"wp","href":"https:\/\/api.w.org\/{rel}","templated":true}]}}