{"id":36765,"date":"2019-11-13T08:49:58","date_gmt":"2019-11-13T12:49:58","guid":{"rendered":"http:\/\/www.corumbaonline.com.br\/news\/?p=36765"},"modified":"2019-11-13T09:23:39","modified_gmt":"2019-11-13T13:23:39","slug":"senadora-de-oposicao-se-autoproclama-presidente-da-bolivia","status":"publish","type":"post","link":"https:\/\/www.corumbaonline.com.br\/news\/senadora-de-oposicao-se-autoproclama-presidente-da-bolivia\/","title":{"rendered":"Senadora de oposi\u00e7\u00e3o se autoproclama presidente da Bol\u00edvia"},"content":{"rendered":"<p>A senadora de oposi\u00e7\u00e3o\u00a0<strong>Jeanine \u00c1\u00f1ez<\/strong>\u00a0se autoproclamou a nova presidente interina da\u00a0<strong>Bol\u00edvia\u00a0<\/strong>nesta ter\u00e7a-feira, preenchendo o v\u00e1cuo de poder gerado pela ren\u00fancia de<strong>\u00a0Evo Morales<\/strong>\u00a0e de todos os que estavam na linha de sucess\u00e3o.<\/p>\n<p class=\"text\">O Parlamento havia sido convocado para examinar a carta de demiss\u00e3o de Evo e seu vice, \u00c1lvaro Garc\u00eda Linera, mas o partido Movimento ao Socialismo (MAS), que det\u00e9m dois ter\u00e7os dos assentos, decidiu boicotar a sess\u00e3o para evitar que houvesse o qu\u00f3rum m\u00ednimo para proclamar o novo presidente.<\/p>\n<p class=\"text\">Ainda assim, \u00c1\u00f1ez, segunda vice-presidente do Senado, assumiu o comando da Casa e, por consequ\u00eancia, a Presid\u00eancia da Bol\u00edvia.\u00a0&#8220;Vou levar o processo adiante e convocar elei\u00e7\u00f5es o quanto antes&#8221;, disse.<\/p>\n<p class=\"text\">A Constitui\u00e7\u00e3o Pol\u00edtica do Estado (CPE) estabelece que, &#8220;em caso de impedimento ou aus\u00eancia definitiva&#8221; do presidente, a fun\u00e7\u00e3o passa a ser exercida pelo vice, mas Linera tamb\u00e9m renunciou a seu cargo.<\/p>\n<p class=\"text\">Os dois seguintes na linha sucess\u00f3ria eram os mandat\u00e1rios do Senado, Adriana Salvatierra, e da C\u00e2mara, V\u00edctor Borda, por\u00e9m ambos se juntaram a Morales e abdicaram. Rub\u00e9n Medinaceli, primeiro vice-presidente do Senado, tamb\u00e9m renunciou, deixando caminho livre para \u00c1\u00f1ez.<\/p>\n<p class=\"text\">A ren\u00fancia de Evo, no entanto, precisava ser formalizada pelo Parlamento, que n\u00e3o reuniu qu\u00f3rum m\u00ednimo por conta do boicote do MAS. Al\u00e9m disso, \u00c1\u00f1ez precisaria da aprova\u00e7\u00e3o de seus pares para assumir oficialmente como mandat\u00e1ria do Senado, o que n\u00e3o aconteceu.<\/p>\n<p class=\"text\">Ainda assim, ela citou regulamentos internos da C\u00e2mara Alta para justificar o prosseguimento da sess\u00e3o e se autoproclamou presidente. &#8220;Comprometo-me a tomar todas as medidas necess\u00e1rias para pacificar o pa\u00eds&#8221;, garantiu a senadora, que tem o respaldo da bancada de oposi\u00e7\u00e3o.<\/p>\n<p class=\"text\">&#8220;O povo boliviano \u00e9 testemunha de que fizemos todos os esfor\u00e7os necess\u00e1rios para canalizar a presen\u00e7a dos parlamentares, mas os integrantes do MAS n\u00e3o se apresentaram&#8221;, acrescentou. Aos 52 anos, a nova mandat\u00e1ria \u00e9 advogada, pertence ao partido de direita Movimento Democrata Social e est\u00e1 no Parlamento desde 2010, sempre como oposi\u00e7\u00e3o a Evo.<\/p>\n<p class=\"text\">O ex-presidente tentava obter um quarto mandato nas urnas e chegou a ser declarado vencedor da elei\u00e7\u00e3o presidencial de 20 de outubro, mas o candidato de oposi\u00e7\u00e3o Carlos Mesa n\u00e3o reconheceu o resultado e foi \u00e0s ruas para protestar.<\/p>\n<p class=\"text\">A Organiza\u00e7\u00e3o dos Estados Americanos (OEA) apontou irregularidades na apura\u00e7\u00e3o, e o ent\u00e3o presidente decidiu convocar um novo pleito. No entanto, ap\u00f3s press\u00f5es de sindicatos, da Pol\u00edcia, das For\u00e7as Armadas e dos manifestantes liderados pelo radical crist\u00e3o Luis Fernando Camacho, Evo renunciou ao cargo.<\/p>\n<p class=\"text\">&#8220;Foi consumado o golpe mais nefasto da hist\u00f3ria. Uma senadora golpista de direita se autoproclama presidente do Senado e presidente interina da Bol\u00edvia sem qu\u00f3rum legislativo, rodeada por um grupo de c\u00famplices e manipulada por militares e policiais que reprimem o povo&#8221;, escreveu o ex-presidente no Twitter. Evo est\u00e1 no M\u00e9xico, que lhe concedeu asilo pol\u00edtico.<\/p>\n","protected":false},"excerpt":{"rendered":"<p>A senadora de oposi\u00e7\u00e3o\u00a0Jeanine \u00c1\u00f1ez\u00a0se autoproclamou a nova presidente interina da\u00a0Bol\u00edvia\u00a0nesta ter\u00e7a-feira, preenchendo o v\u00e1cuo&#8230;<\/p>\n","protected":false},"author":1,"featured_media":36766,"comment_status":"closed","ping_status":"closed","sticky":false,"template":"","format":"standard","meta":{"footnotes":""},"categories":[15],"tags":[],"class_list":["post-36765","post","type-post","status-publish","format-standard","has-post-thumbnail","hentry","category-internacional"],"_links":{"self":[{"href":"https:\/\/www.corumbaonline.com.br\/news\/wp-json\/wp\/v2\/posts\/36765","targetHints":{"allow":["GET"]}}],"collection":[{"href":"https:\/\/www.corumbaonline.com.br\/news\/wp-json\/wp\/v2\/posts"}],"about":[{"href":"https:\/\/www.corumbaonline.com.br\/news\/wp-json\/wp\/v2\/types\/post"}],"author":[{"embeddable":true,"href":"https:\/\/www.corumbaonline.com.br\/news\/wp-json\/wp\/v2\/users\/1"}],"replies":[{"embeddable":true,"href":"https:\/\/www.corumbaonline.com.br\/news\/wp-json\/wp\/v2\/comments?post=36765"}],"version-history":[{"count":1,"href":"https:\/\/www.corumbaonline.com.br\/news\/wp-json\/wp\/v2\/posts\/36765\/revisions"}],"predecessor-version":[{"id":36767,"href":"https:\/\/www.corumbaonline.com.br\/news\/wp-json\/wp\/v2\/posts\/36765\/revisions\/36767"}],"wp:featuredmedia":[{"embeddable":true,"href":"https:\/\/www.corumbaonline.com.br\/news\/wp-json\/wp\/v2\/media\/36766"}],"wp:attachment":[{"href":"https:\/\/www.corumbaonline.com.br\/news\/wp-json\/wp\/v2\/media?parent=36765"}],"wp:term":[{"taxonomy":"category","embeddable":true,"href":"https:\/\/www.corumbaonline.com.br\/news\/wp-json\/wp\/v2\/categories?post=36765"},{"taxonomy":"post_tag","embeddable":true,"href":"https:\/\/www.corumbaonline.com.br\/news\/wp-json\/wp\/v2\/tags?post=36765"}],"curies":[{"name":"wp","href":"https:\/\/api.w.org\/{rel}","templated":true}]}}