{"id":37498,"date":"2019-12-03T16:29:27","date_gmt":"2019-12-03T20:29:27","guid":{"rendered":"http:\/\/www.corumbaonline.com.br\/news\/?p=37498"},"modified":"2019-12-03T16:31:25","modified_gmt":"2019-12-03T20:31:25","slug":"povo-das-aguas-atende-regiao-do-taquari-com-apoio-do-exercito-brasileiro","status":"publish","type":"post","link":"https:\/\/www.corumbaonline.com.br\/news\/povo-das-aguas-atende-regiao-do-taquari-com-apoio-do-exercito-brasileiro\/","title":{"rendered":"Povo das \u00c1guas atende regi\u00e3o do Taquari com apoio do Ex\u00e9rcito Brasileiro"},"content":{"rendered":"<p>A equipe multidisciplinar da Prefeitura de Corumb\u00e1 partiu nesta ter\u00e7a-feira, 3 de dezembro, para a 8\u00aa edi\u00e7\u00e3o do Programa Social Povo da \u00c1guas. Nesta a\u00e7\u00e3o, quando ser\u00e3o assistidos os ribeirinhos da regi\u00e3o do Rio Taquari, os servidores contam com o apoio do Ex\u00e9rcito Brasileiro.<\/p>\n<p>\u201cS\u00e3o dois caminh\u00f5es do Ex\u00e9rcito de suporte para levar essa carga, como cestas b\u00e1sicas, lonas, cobertores e outros materiais que ser\u00e3o entregues \u00e0s fam\u00edlias ribeirinhas\u201d, afirmou a primeira-dama e secret\u00e1ria especial de Cidadania e Direitos Humanos, Amanda Balancieri Iunes, coordenadora geral do Programa.<\/p>\n<p><img loading=\"lazy\" decoding=\"async\" class=\"alignnone wp-image-64324 size-large\" src=\"https:\/\/www.corumba.ms.gov.br\/wp-content\/uploads\/2019\/12\/11dd38ed-861e-4216-b4ce-ddaf988cf8c2-1024x576.jpg\" sizes=\"auto, (max-width: 1024px) 100vw, 1024px\" srcset=\"https:\/\/www.corumba.ms.gov.br\/wp-content\/uploads\/2019\/12\/11dd38ed-861e-4216-b4ce-ddaf988cf8c2-1024x576.jpg 1024w, https:\/\/www.corumba.ms.gov.br\/wp-content\/uploads\/2019\/12\/11dd38ed-861e-4216-b4ce-ddaf988cf8c2-300x169.jpg 300w, https:\/\/www.corumba.ms.gov.br\/wp-content\/uploads\/2019\/12\/11dd38ed-861e-4216-b4ce-ddaf988cf8c2-768x432.jpg 768w, https:\/\/www.corumba.ms.gov.br\/wp-content\/uploads\/2019\/12\/11dd38ed-861e-4216-b4ce-ddaf988cf8c2-370x208.jpg 370w, https:\/\/www.corumba.ms.gov.br\/wp-content\/uploads\/2019\/12\/11dd38ed-861e-4216-b4ce-ddaf988cf8c2-1170x658.jpg 1170w, https:\/\/www.corumba.ms.gov.br\/wp-content\/uploads\/2019\/12\/11dd38ed-861e-4216-b4ce-ddaf988cf8c2-760x428.jpg 760w, https:\/\/www.corumba.ms.gov.br\/wp-content\/uploads\/2019\/12\/11dd38ed-861e-4216-b4ce-ddaf988cf8c2-270x152.jpg 270w, https:\/\/www.corumba.ms.gov.br\/wp-content\/uploads\/2019\/12\/11dd38ed-861e-4216-b4ce-ddaf988cf8c2.jpg 1280w\" alt=\"\" width=\"1024\" height=\"576\" \/><\/p>\n<p>O embarque aconteceu na Casa da Cidadania. Na quarta-feira, dia 4, ser\u00e3o atendidas as fam\u00edlias da Col\u00f4nia do Cedro e Lim\u00e3ozinho, das 9h \u00e0s 12 horas. Os trabalhos ser\u00e3o realizados na Escola Nazar\u00e9.<\/p>\n<p>Na quinta-feira, dia 5, \u00e9 a vez dos ribeirinhos do Corix\u00e3o, Cedrinho e Rio Negro receberem os servidores da Prefeitura. A a\u00e7\u00e3o ser\u00e1 realizada da casa do senhor Erp\u00eddio, das 9h \u00e0s 12 horas. Na sexta, dia 6, a a\u00e7\u00e3o ser\u00e1 na Escola S\u00e3o Jo\u00e3o, das 9h \u00e0s 12 horas, onde ser\u00e3o assistidos parte dos moradores da Col\u00f4nia S\u00e3o Domingos.<\/p>\n<p>No dia 7, s\u00e1bado, a outra parte da Col\u00f4nia S\u00e3o Domingos\u00a0\u00a0 ser\u00e1 atendida na Escola Santa Aur\u00e9lia, das 9h \u00e0s 12 horas. No domingo, dia 8, os ribeirinhos da Col\u00f4nia do Bracinho ser\u00e3o atendidas na escola Sebasti\u00e3o Rolon, tamb\u00e9m das 9h \u00e0s 12 horas. A equipe retorna para a cidade na segunda-feira.<\/p>\n<p>A pedido do Minist\u00e9rio P\u00fablico Federal, a coordena\u00e7\u00e3o do Povo das \u00c1guas solicitou aos ribeirinhos compare\u00e7am aos atendimentos com seus t\u00edtulos de eleitor. A A\u00e7\u00e3o Social re\u00fane servidores das secretarias de Educa\u00e7\u00e3o, Sa\u00fade, Assist\u00eancia Social, Governo e Defesa Civil.<\/p>\n","protected":false},"excerpt":{"rendered":"<p>A equipe multidisciplinar da Prefeitura de Corumb\u00e1 partiu nesta ter\u00e7a-feira, 3 de dezembro, para a&#8230;<\/p>\n","protected":false},"author":1,"featured_media":37499,"comment_status":"closed","ping_status":"closed","sticky":false,"template":"","format":"standard","meta":{"footnotes":""},"categories":[14],"tags":[],"class_list":["post-37498","post","type-post","status-publish","format-standard","has-post-thumbnail","hentry","category-geral"],"_links":{"self":[{"href":"https:\/\/www.corumbaonline.com.br\/news\/wp-json\/wp\/v2\/posts\/37498","targetHints":{"allow":["GET"]}}],"collection":[{"href":"https:\/\/www.corumbaonline.com.br\/news\/wp-json\/wp\/v2\/posts"}],"about":[{"href":"https:\/\/www.corumbaonline.com.br\/news\/wp-json\/wp\/v2\/types\/post"}],"author":[{"embeddable":true,"href":"https:\/\/www.corumbaonline.com.br\/news\/wp-json\/wp\/v2\/users\/1"}],"replies":[{"embeddable":true,"href":"https:\/\/www.corumbaonline.com.br\/news\/wp-json\/wp\/v2\/comments?post=37498"}],"version-history":[{"count":1,"href":"https:\/\/www.corumbaonline.com.br\/news\/wp-json\/wp\/v2\/posts\/37498\/revisions"}],"predecessor-version":[{"id":37500,"href":"https:\/\/www.corumbaonline.com.br\/news\/wp-json\/wp\/v2\/posts\/37498\/revisions\/37500"}],"wp:featuredmedia":[{"embeddable":true,"href":"https:\/\/www.corumbaonline.com.br\/news\/wp-json\/wp\/v2\/media\/37499"}],"wp:attachment":[{"href":"https:\/\/www.corumbaonline.com.br\/news\/wp-json\/wp\/v2\/media?parent=37498"}],"wp:term":[{"taxonomy":"category","embeddable":true,"href":"https:\/\/www.corumbaonline.com.br\/news\/wp-json\/wp\/v2\/categories?post=37498"},{"taxonomy":"post_tag","embeddable":true,"href":"https:\/\/www.corumbaonline.com.br\/news\/wp-json\/wp\/v2\/tags?post=37498"}],"curies":[{"name":"wp","href":"https:\/\/api.w.org\/{rel}","templated":true}]}}