{"id":37568,"date":"2019-12-05T09:34:18","date_gmt":"2019-12-05T13:34:18","guid":{"rendered":"http:\/\/www.corumbaonline.com.br\/news\/?p=37568"},"modified":"2019-12-05T11:48:23","modified_gmt":"2019-12-05T15:48:23","slug":"paris-enfrenta-greve-geral-que-pode-atingir-outras-cidades-da-franca","status":"publish","type":"post","link":"https:\/\/www.corumbaonline.com.br\/news\/paris-enfrenta-greve-geral-que-pode-atingir-outras-cidades-da-franca\/","title":{"rendered":"Paris enfrenta greve geral que pode atingir outras cidades da Fran\u00e7a"},"content":{"rendered":"<p>Uma greve geral, hoje (6), na Fran\u00e7a, contra as novas medidas sobre as aposentadorias amea\u00e7a paralisar v\u00e1rios setores. Determinados a for\u00e7ar o governo a abandonar os planos, trabalhadores dos transportes ferrovi\u00e1rios e a\u00e9reos, professores, pessoal hospitalar e outras categorias paralisaram as atividades.<\/p>\n<p>As redes de transportes em Paris e outras cidades francesas est\u00e3o fortemente afetadas pelo movimento.<\/p>\n<p>Paris, nesta quinta-feira, parece uma capital diferente,\u00a0 disse um jornalista. &#8220;Parece um domingo, uma vez que 90% dos trens do Metr\u00f4 e 80% dos \u00f4nibus est\u00e3o parados\u201d acrescentou. A paralisa\u00e7\u00e3o \u00e9 sentida, ainda, nos aeroportos e no recolhimento de lixo pela cidade.<\/p>\n<div class=\"dnd-widget-wrapper context-cheio_8colunas type-image\">\n<div class=\"dnd-atom-rendered\">\n<figure class=\"mejs-fotoh-wrapper\">\n<p><figure style=\"width: 754px\" class=\"wp-caption alignnone\"><img loading=\"lazy\" decoding=\"async\" class=\"img-responsive full full\" title=\"GONZALO FUENTES\" src=\"http:\/\/imagens.ebc.com.br\/2iWKs_KlzZuYD_PVg_1LfRUebUk=\/754x0\/smart\/http:\/\/agenciabrasil.ebc.com.br\/sites\/default\/files\/thumbnails\/image\/2019-12-05t085556z_1871916829_rc2wod98bad8_rtrmadp_3_france-protests-pensions.jpg?itok=i8J1WFWh\" alt=\"People ride bicycles near the Eiffel Tower during a strike by all unions of the Paris transport network (RATP) as part of a day of national strike and protests against French government&amp;#039;s pensions reform plans, France, December 5, 2019.  REUTERS\" width=\"754\" height=\"488\" \/><figcaption class=\"wp-caption-text\">Sem transporte p\u00fablico, franceses usam bicicletas para se deslocar em Paris (REUTERS &#8211; Gonzalo Fuentes)<\/figcaption><\/figure><\/figure>\n<\/div>\n<\/div>\n<p>Com o argumento de que quer tornar a economia francesa mais competitiva, o presidente Emmanuel Macron pretende avan\u00e7ar com uma s\u00e9rie de cortes nos gastos p\u00fablicos. Em particular, quer simplificar o sistema de aposentadorias.<\/p>\n<p>Macron argumenta que o atual sistema \u00e9 injusto e muito dispendioso. A reforma proposta pelo governo tenciona substituir os 42 regimes de pens\u00f5es que existem atualmente por um sistema por pontos e p\u00f5e fim a direitos laborais, principalmente, dos funcion\u00e1rios do Metr\u00f4 de Paris.<\/p>\n<p>Em todo o pa\u00eds est\u00e3o convocadas 245 manifesta\u00e7\u00f5es para hoje. H\u00e1 a possibilidade de confrontos entre grupos violentos e a pol\u00edcia. O com\u00e9rcio foi aconselhado a fechar.<\/p>\n","protected":false},"excerpt":{"rendered":"<p>Uma greve geral, hoje (6), na Fran\u00e7a, contra as novas medidas sobre as aposentadorias amea\u00e7a&#8230;<\/p>\n","protected":false},"author":1,"featured_media":0,"comment_status":"closed","ping_status":"closed","sticky":false,"template":"","format":"standard","meta":{"footnotes":""},"categories":[15],"tags":[],"class_list":["post-37568","post","type-post","status-publish","format-standard","hentry","category-internacional"],"_links":{"self":[{"href":"https:\/\/www.corumbaonline.com.br\/news\/wp-json\/wp\/v2\/posts\/37568","targetHints":{"allow":["GET"]}}],"collection":[{"href":"https:\/\/www.corumbaonline.com.br\/news\/wp-json\/wp\/v2\/posts"}],"about":[{"href":"https:\/\/www.corumbaonline.com.br\/news\/wp-json\/wp\/v2\/types\/post"}],"author":[{"embeddable":true,"href":"https:\/\/www.corumbaonline.com.br\/news\/wp-json\/wp\/v2\/users\/1"}],"replies":[{"embeddable":true,"href":"https:\/\/www.corumbaonline.com.br\/news\/wp-json\/wp\/v2\/comments?post=37568"}],"version-history":[{"count":1,"href":"https:\/\/www.corumbaonline.com.br\/news\/wp-json\/wp\/v2\/posts\/37568\/revisions"}],"predecessor-version":[{"id":37569,"href":"https:\/\/www.corumbaonline.com.br\/news\/wp-json\/wp\/v2\/posts\/37568\/revisions\/37569"}],"wp:attachment":[{"href":"https:\/\/www.corumbaonline.com.br\/news\/wp-json\/wp\/v2\/media?parent=37568"}],"wp:term":[{"taxonomy":"category","embeddable":true,"href":"https:\/\/www.corumbaonline.com.br\/news\/wp-json\/wp\/v2\/categories?post=37568"},{"taxonomy":"post_tag","embeddable":true,"href":"https:\/\/www.corumbaonline.com.br\/news\/wp-json\/wp\/v2\/tags?post=37568"}],"curies":[{"name":"wp","href":"https:\/\/api.w.org\/{rel}","templated":true}]}}