{"id":37811,"date":"2019-12-13T09:10:34","date_gmt":"2019-12-13T13:10:34","guid":{"rendered":"http:\/\/www.corumbaonline.com.br\/news\/?p=37811"},"modified":"2019-12-13T05:06:14","modified_gmt":"2019-12-13T09:06:14","slug":"boris-johnson-e-eleito-primeiro-ministro-britanico-com-ampla-maioria-de-conservadores-no-parlamento","status":"publish","type":"post","link":"https:\/\/www.corumbaonline.com.br\/news\/boris-johnson-e-eleito-primeiro-ministro-britanico-com-ampla-maioria-de-conservadores-no-parlamento\/","title":{"rendered":"Boris Johnson \u00e9 eleito primeiro-ministro brit\u00e2nico com ampla maioria de Conservadores no Parlamento"},"content":{"rendered":"<div class=\"mc-column content-text active-extra-styles \" data-block-type=\"unstyled\" data-block-weight=\"24\" data-block-id=\"2\">\n<p class=\"content-text__container \" data-track-category=\"Link no Texto\" data-track-links=\"\"><a href=\"https:\/\/g1.globo.com\/tudo-sobre\/boris-johnson\/\">Boris Johnson<\/a>\u00a0foi reconduzido ao cargo de primeiro-ministro do\u00a0<a href=\"https:\/\/g1.globo.com\/tudo-sobre\/gra-bretanha\/\">Reino Unido<\/a>\u00a0ap\u00f3s uma ampla vit\u00f3ria do Partido Conservador nas elei\u00e7\u00f5es desta quinta-feira (12).<\/p>\n<\/div>\n<div class=\"wall protected-content\">\n<div class=\"mc-column content-text active-extra-styles \" data-block-type=\"unstyled\" data-block-weight=\"47\" data-block-id=\"3\">\n<p class=\"content-text__container \" data-track-category=\"Link no Texto\" data-track-links=\"\">Antes do final da apura\u00e7\u00e3o, por volta das 8h30 (5h40 horas, em Bras\u00edlia), seu partido j\u00e1 tinha a maioria com 364 assentos no Parlamento, enquanto seu principal advers\u00e1rio, o Partido Trabalhista, estava com 203. A essa altura, faltava apenas uma cadeira a ser preenchida, dos 650 postos.<\/p>\n<\/div>\n<div class=\"mc-column content-text active-extra-styles \" data-block-type=\"unstyled\" data-block-weight=\"15\" data-block-id=\"4\">\n<p class=\"content-text__container \" data-track-category=\"Link no Texto\" data-track-links=\"\">Johnson tamb\u00e9m manteve seu assento no Parlamento por Uxbridge, sub\u00farbio de Londres, com 25.351 votos.<\/p>\n<\/div>\n<div class=\"mc-column content-text active-extra-styles \" data-block-type=\"unstyled\" data-block-weight=\"67\" data-block-id=\"5\">\n<p class=\"content-text__container \" data-track-category=\"Link no Texto\" data-track-links=\"\">Em seu discurso de agradecimento, ele disse que &#8220;este governo conservador recebeu um novo e poderoso mandato para realizar o Brexit &#8211; e n\u00e3o apenas para fazer o Brexit, mas para unir este pa\u00eds e lev\u00e1-lo adiante&#8221; e que a elei\u00e7\u00e3o daria a ele a \u201cchance de respeitar a vontade democr\u00e1tica do povo brit\u00e2nico, mudar este pa\u00eds para melhor e liberar o potencial de todo o povo\u201d.<\/p>\n<p data-track-category=\"Link no Texto\" data-track-links=\"\">Nesta sexta-feira, Johnson ir\u00e1 ao Pal\u00e1cio de Buckingham, onde pedir\u00e1 permiss\u00e3o \u00e0 rainha para formar um novo governo.<\/p>\n<div class=\"mc-column content-text active-extra-styles \" data-block-type=\"unstyled\" data-block-weight=\"65\" data-block-id=\"10\">\n<p class=\"content-text__container \" data-track-category=\"Link no Texto\" data-track-links=\"\">J\u00e1 o l\u00edder do Partido Trabalhista, Jeremy Corbyn, afirmou que n\u00e3o voltar\u00e1 a liderar seu partido em nenhuma elei\u00e7\u00e3o geral. Ele falou durante um discurso de agradecimento, depois de manter seu posto no Parlamento, ao ganhar a vota\u00e7\u00e3o no distrito de Islington North, em Londres, com 34.603 votos, bem \u00e0 frente do segundo colocado, o candidato do Partido Liberal Democrata, que teve 8.415 votos.<\/p>\n<\/div>\n<div class=\"mc-column content-text active-extra-styles \" data-block-type=\"unstyled\" data-block-weight=\"35\" data-block-id=\"11\">\n<p class=\"content-text__container \" data-track-category=\"Link no Texto\" data-track-links=\"\">Corbyn acrescentou, entretanto, que pretende permanecer na lideran\u00e7a dos trabalhistas durante uma discuss\u00e3o sobre o futuro e que quer um \u201cper\u00edodo de reflex\u00e3o\u201d. \u201cE os Trabalhistas continuar\u00e3o orgulhosos de seus valores. Eles s\u00e3o eternos\u201d, disse.<\/p>\n<div class=\"mc-column content-text active-extra-styles\" data-block-type=\"raw\" data-block-weight=\"1\" data-block-id=\"13\">\n<div class=\"content-intertitle\">\n<h2>Maioria<\/h2>\n<\/div>\n<\/div>\n<div class=\"mc-column content-text active-extra-styles \" data-block-type=\"unstyled\" data-block-weight=\"42\" data-block-id=\"14\">\n<p class=\"content-text__container \" data-track-category=\"Link no Texto\" data-track-links=\"\">Com a maioria, os conservadores aumentaram significativamente seu poder, o que deve, inclusive, facilitar a aprova\u00e7\u00e3o do projeto de Johnson para o Brexit e garantir que o Reino Unido deixe a\u00a0<a href=\"https:\/\/g1.globo.com\/tudo-sobre\/uniao-europeia\/\">Uni\u00e3o Europeia<\/a>\u00a0em\u00a0<a href=\"https:\/\/g1.globo.com\/mundo\/noticia\/2019\/10\/28\/brexit-uniao-europeia-concorda-em-adiar-saida-do-reino-unido-para-31-de-janeiro-de-2020.ghtml\">31 de janeiro de 2020<\/a>.<\/p>\n<\/div>\n<div class=\"mc-column content-text active-extra-styles \" data-block-type=\"unstyled\" data-block-weight=\"27\" data-block-id=\"15\">\n<p class=\"content-text__container \" data-track-category=\"Link no Texto\" data-track-links=\"\">Para obter a maioria, um partido precisa de 326 assentos. Antes de ser dissolvido no dia 6 de novembro, o Parlamento tinha 298 conservadores e 243 trabalhistas.<\/p>\n<\/div>\n<div class=\"mc-column content-text active-extra-styles \" data-block-type=\"unstyled\" data-block-weight=\"34\" data-block-id=\"16\">\n<p class=\"content-text__container \" data-track-category=\"Link no Texto\" data-track-links=\"\">O resultado foi considerado devastador para o Partido Trabalhista (leia mais abaixo), que perdeu em uma s\u00e9rie de locais historicamente ligados aos trabalhistas e s\u00f3 manteve alguns assentos gra\u00e7as a vit\u00f3rias bastante apertadas.<\/p>\n<\/div>\n<div class=\"mc-column content-text active-extra-styles \" data-block-type=\"unstyled\" data-block-weight=\"43\" data-block-id=\"17\">\n<p class=\"content-text__container \" data-track-category=\"Link no Texto\" data-track-links=\"\">Por outro lado, o Partido Nacional Escoc\u00eas (SNP) comemorou um n\u00famero de cadeiras acima do previsto em pesquisas. Das 59 vagas dispon\u00edveis na Esc\u00f3cia, o SNP obtinha, at\u00e9 \u00e0s 5 horas locais, 48 vagas, superando as 20 que ocupava antes destas elei\u00e7\u00f5es.<\/p>\n<\/div>\n<div class=\"mc-column content-text active-extra-styles \" data-block-type=\"unstyled\" data-block-weight=\"38\" data-block-id=\"18\">\n<p class=\"content-text__container \" data-track-category=\"Link no Texto\" data-track-links=\"\">O bom desempenho do partido da primeira-ministra Nicola Sturgeon &#8211; que tem entre suas propostas a realiza\u00e7\u00e3o de um novo plebiscito para independ\u00eancia do pa\u00eds &#8211; custou inclusive a cadeira de Jo Swinson, l\u00edder do Partido Liberal Democrata.<\/p>\n<\/div>\n<div class=\"mc-column content-text active-extra-styles \" data-block-type=\"unstyled\" data-block-weight=\"70\" data-block-id=\"19\">\n<p class=\"content-text__container \" data-track-category=\"Link no Texto\" data-track-links=\"\">&#8220;A Esc\u00f3cia enviou uma mensagem muito clara &#8211; n\u00e3o queremos um governo Boris Johnson, n\u00e3o queremos deixar a UE&#8221;, afirmou Sturgeon. &#8220;Os resultados no resto do Reino Unido s\u00e3o sombrios, mas sublinham a import\u00e2ncia da Esc\u00f3cia ter uma escolha. Boris Johnson tem um mandato para tirar a Inglaterra da UE, mas ele deve aceitar que eu tenho um mandato para dar \u00e0 Esc\u00f3cia uma escolha para um futuro alternativo&#8221;, acrescentou.<\/p>\n<div class=\"mc-column content-text active-extra-styles\" data-block-type=\"raw\" data-block-weight=\"2\" data-block-id=\"21\">\n<div class=\"content-intertitle\">\n<h2>Elei\u00e7\u00f5es antecipadas<\/h2>\n<\/div>\n<\/div>\n<div class=\"mc-column content-text active-extra-styles \" data-block-type=\"unstyled\" data-block-weight=\"56\" data-block-id=\"22\">\n<p class=\"content-text__container \" data-track-category=\"Link no Texto\" data-track-links=\"\">As elei\u00e7\u00f5es legislativas estavam previstas apenas para 2022, mas Johnson decidiu antecip\u00e1-las ap\u00f3s\u00a0<a href=\"https:\/\/g1.globo.com\/mundo\/noticia\/2019\/09\/03\/boris-johnson-enfrenta-rebeliao-contra-um-brexit-sem-acordo.ghtml\">perder a maioria no Parlamento em setembro<\/a>, com a rebeli\u00e3o de 21 deputados de seu partido. Inicialmente seu pedido\u00a0<a href=\"https:\/\/g1.globo.com\/mundo\/noticia\/2019\/10\/28\/parlamento-britanico-rejeita-pela-3a-vez-pedido-de-eleicoes-antecipadas-de-boris-johnson.ghtml\">foi rejeitado por tr\u00eas vezes<\/a>, at\u00e9 que, finalmente, no dia 29 de outubro, os parlamentares\u00a0<a href=\"https:\/\/g1.globo.com\/mundo\/noticia\/2019\/10\/29\/parlamento-aprova-e-reino-unido-tera-eleicoes-gerais-em-12-de-dezembro.ghtml\">concordaram em realizar o pleito em 12 de dezembro<\/a>.<\/p>\n<\/div>\n<div class=\"mc-column content-text active-extra-styles \" data-block-type=\"unstyled\" data-block-weight=\"30\" data-block-id=\"23\">\n<p class=\"content-text__container \" data-track-category=\"Link no Texto\" data-track-links=\"\">Johnson\u00a0<a href=\"https:\/\/g1.globo.com\/mundo\/noticia\/2019\/07\/24\/boris-johnson-assume-como-primeiro-ministro.ghtml\">se tornou primeiro-ministro em julho<\/a>, sem ganhar uma elei\u00e7\u00e3o, ap\u00f3s\u00a0<a href=\"https:\/\/g1.globo.com\/mundo\/noticia\/2019\/07\/24\/no-parlamento-theresa-may-defende-legitimidade-de-boris-johnson.ghtml\">Theresa May renunciar ao cargo<\/a>, por n\u00e3o conseguir aprovar seu acordo para o Brexit ap\u00f3s tr\u00eas tentativas.<\/p>\n<div class=\"mc-column content-text active-extra-styles\" data-block-type=\"raw\" data-block-weight=\"2\" data-block-id=\"25\">\n<div class=\"content-intertitle\">\n<h2>Quatro d\u00e9cadas<\/h2>\n<\/div>\n<\/div>\n<div class=\"mc-column content-text active-extra-styles \" data-block-type=\"unstyled\" data-block-weight=\"36\" data-block-id=\"26\">\n<p class=\"content-text__container \" data-track-category=\"Link no Texto\" data-track-links=\"\">Estes resultados foram os melhores para o Partido Conservador nas \u00faltimas quatro d\u00e9cadas. Anteriormente, as maiorias conservadoras mais amplas recentes tinham sido conquistadas nas elei\u00e7\u00f5es de Margaret Thatcher em 1983 (397 assentos) e 1987 (376).<\/p>\n<div class=\"mc-column content-text active-extra-styles\" data-block-type=\"raw\" data-block-weight=\"15\" data-block-id=\"28\">\n<blockquote class=\"content-blockquote theme-border-color-primary-before\"><p>J\u00e1 para o Partido Trabalhista, os n\u00fameros foram os piores desde a d\u00e9cada de 1930.<\/p><\/blockquote>\n<\/div>\n<div class=\"mc-column content-text active-extra-styles \" data-block-type=\"unstyled\" data-block-weight=\"28\" data-block-id=\"29\">\n<p class=\"content-text__container \" data-track-category=\"Link no Texto\" data-track-links=\"\">Esta poderia ainda ser a primeira vez desde 1935 que os trabalhistas atingiriam menos de 200 assentos no Parlamento brit\u00e2nico. Naquele ano, o partido conseguiu apenas 154.<\/p>\n<\/div>\n<div class=\"mc-column content-text active-extra-styles \" data-block-type=\"unstyled\" data-block-weight=\"31\" data-block-id=\"30\">\n<p class=\"content-text__container \" data-track-category=\"Link no Texto\" data-track-links=\"\">O fraco desempenho do partido suscitou um debate sobre a perman\u00eancia de Jeremy Corbyn em sua lideran\u00e7a, com trabalhistas divididos sobre a culpa direta dele sobre o resultado nas elei\u00e7\u00f5es.<\/p>\n<\/div>\n<div class=\"mc-column content-text active-extra-styles\" data-block-type=\"raw\" data-block-weight=\"1\" data-block-id=\"31\">\n<div class=\"content-intertitle\">\n<h2>Brexit<\/h2>\n<\/div>\n<\/div>\n<div class=\"mc-column content-text active-extra-styles \" data-block-type=\"unstyled\" data-block-weight=\"39\" data-block-id=\"32\">\n<p class=\"content-text__container \" data-track-category=\"Link no Texto\" data-track-links=\"\">Com a ampla maioria conquistada por seu partido nestas elei\u00e7\u00f5es, Johnson fica em uma posi\u00e7\u00e3o muito mais confort\u00e1vel para conseguir promover a sa\u00edda do Reino Unido da Uni\u00e3o Europeia em 31 de janeiro de 2020, como sempre prometeu.<\/p>\n<\/div>\n<div class=\"mc-column content-text active-extra-styles \" data-block-type=\"unstyled\" data-block-weight=\"27\" data-block-id=\"33\">\n<p class=\"content-text__container \" data-track-category=\"Link no Texto\" data-track-links=\"\">Seu projeto n\u00e3o dever\u00e1 enfrentar mais as mesmas dificuldades de antes para obter aprova\u00e7\u00e3o perante um Parlamento predominantemente conservador e a tend\u00eancia \u00e9 que avance rapidamente.<\/p>\n<\/div>\n<div class=\"mc-column content-text active-extra-styles\" data-block-type=\"raw\" data-block-weight=\"19\" data-block-id=\"34\">\n<blockquote class=\"content-blockquote theme-border-color-primary-before\"><p>Mas a sa\u00edda no dia 31 de janeiro, por\u00e9m, caso aconte\u00e7a, ser\u00e1 apenas o primeiro passo oficial do Brexit.<\/p><\/blockquote>\n<\/div>\n<div class=\"mc-column content-text active-extra-styles \" data-block-type=\"unstyled\" data-block-weight=\"25\" data-block-id=\"35\">\n<p class=\"content-text__container \" data-track-category=\"Link no Texto\" data-track-links=\"\">Ainda \u00e9 necess\u00e1rio negociar um acordo comercial com a Uni\u00e3o Europeia, e o prazo final para isso \u00e9 30 de junho de 2020.<\/p>\n<\/div>\n<div class=\"mc-column content-text active-extra-styles \" data-block-type=\"unstyled\" data-block-weight=\"57\" data-block-id=\"36\">\n<p class=\"content-text__container \" data-track-category=\"Link no Texto\" data-track-links=\"\">A partir da\u00ed, dois cen\u00e1rios s\u00e3o poss\u00edveis: com um acordo fechado, ele precisa ser ratificado, um processo que pode levar meses, mas garante uma sa\u00edda organizada. Sem o acordo, pode ter in\u00edcio a extens\u00e3o de um per\u00edodo de transi\u00e7\u00e3o que duraria at\u00e9 dois anos \u2013 algo que Johnson j\u00e1 descartou \u2013 ou uma sa\u00edda sem acordo.<\/p>\n<p data-track-category=\"Link no Texto\" data-track-links=\"\">\n<\/div>\n<\/div>\n<\/div>\n<\/div>\n<\/div>\n<\/div>\n<\/div>\n","protected":false},"excerpt":{"rendered":"<p>Boris Johnson\u00a0foi reconduzido ao cargo de primeiro-ministro do\u00a0Reino Unido\u00a0ap\u00f3s uma ampla vit\u00f3ria do Partido Conservador&#8230;<\/p>\n","protected":false},"author":1,"featured_media":37812,"comment_status":"closed","ping_status":"closed","sticky":false,"template":"","format":"standard","meta":{"footnotes":""},"categories":[15],"tags":[],"class_list":["post-37811","post","type-post","status-publish","format-standard","has-post-thumbnail","hentry","category-internacional"],"_links":{"self":[{"href":"https:\/\/www.corumbaonline.com.br\/news\/wp-json\/wp\/v2\/posts\/37811","targetHints":{"allow":["GET"]}}],"collection":[{"href":"https:\/\/www.corumbaonline.com.br\/news\/wp-json\/wp\/v2\/posts"}],"about":[{"href":"https:\/\/www.corumbaonline.com.br\/news\/wp-json\/wp\/v2\/types\/post"}],"author":[{"embeddable":true,"href":"https:\/\/www.corumbaonline.com.br\/news\/wp-json\/wp\/v2\/users\/1"}],"replies":[{"embeddable":true,"href":"https:\/\/www.corumbaonline.com.br\/news\/wp-json\/wp\/v2\/comments?post=37811"}],"version-history":[{"count":1,"href":"https:\/\/www.corumbaonline.com.br\/news\/wp-json\/wp\/v2\/posts\/37811\/revisions"}],"predecessor-version":[{"id":37813,"href":"https:\/\/www.corumbaonline.com.br\/news\/wp-json\/wp\/v2\/posts\/37811\/revisions\/37813"}],"wp:featuredmedia":[{"embeddable":true,"href":"https:\/\/www.corumbaonline.com.br\/news\/wp-json\/wp\/v2\/media\/37812"}],"wp:attachment":[{"href":"https:\/\/www.corumbaonline.com.br\/news\/wp-json\/wp\/v2\/media?parent=37811"}],"wp:term":[{"taxonomy":"category","embeddable":true,"href":"https:\/\/www.corumbaonline.com.br\/news\/wp-json\/wp\/v2\/categories?post=37811"},{"taxonomy":"post_tag","embeddable":true,"href":"https:\/\/www.corumbaonline.com.br\/news\/wp-json\/wp\/v2\/tags?post=37811"}],"curies":[{"name":"wp","href":"https:\/\/api.w.org\/{rel}","templated":true}]}}