{"id":37829,"date":"2019-12-13T10:56:22","date_gmt":"2019-12-13T14:56:22","guid":{"rendered":"http:\/\/www.corumbaonline.com.br\/news\/?p=37829"},"modified":"2019-12-13T13:23:08","modified_gmt":"2019-12-13T17:23:08","slug":"oficina-de-danca-encerra-o-ano-com-dois-dias-de-espetaculos","status":"publish","type":"post","link":"https:\/\/www.corumbaonline.com.br\/news\/oficina-de-danca-encerra-o-ano-com-dois-dias-de-espetaculos\/","title":{"rendered":"Oficina de dan\u00e7a encerra o ano com dois dias de espet\u00e1culos"},"content":{"rendered":"<p>A Oficina de Dan\u00e7a do Pantanal apresenta nos dias 16 e 17 de dezembro dois espet\u00e1culos encerrando as atividades anuais. Nos dois dias de evento o incio est\u00e1 marcado para \u00e0s 19 horas no Gin\u00e1sio Poliesportivo Luc\u00edlio de Medeiros e a entrada ser\u00e1 trocada por 1 quilo de alimento n\u00e3o perec\u00edvel. Todo o material arrecadado ser\u00e1 doado para o Sino da Caridade.<\/p>\n<p>S\u00e3o aproximadamente 600 alunos, a maioria com idade entre 5 e 85 anos, que v\u00e3o retratar em dois dias de apresenta\u00e7\u00f5es um pouco da hist\u00f3ria da oficina de dan\u00e7a.<\/p>\n<p>No primeiro dia de evento, o espet\u00e1culo 20 encantar \u00e9 composto por alunos entre 5 e 13 anos, que v\u00e3o apresentar coreografias relacionadas a contos de fadas, desenhos animados e outros importantes temas do universo infantil.<\/p>\n<p>J\u00e1 no dia 17, o espet\u00e1culo De Corpo e Alma abrange as turmas compostas por adolescentes e adultos. As coreografias v\u00e3o retratar a hist\u00f3ria da oficina de dan\u00e7a, os 20 anos de trabalho realizados em Corumb\u00e1.<\/p>\n<p>A noite vai contar ainda com a apresenta\u00e7\u00e3o do grupo do distrito de Albuquerque, onde a Prefeitura mant\u00e9m uma extens\u00e3o da Oficina. V\u00e3o se apresentar o grupo de m\u00e3es, o grupo de street dance e o bal\u00e9 do distrito, que fica aproximadamente 60 quil\u00f4metros da zona urbana de Corumb\u00e1.<\/p>\n<p>A oficina de dan\u00e7a de Corumb\u00e1 atende crian\u00e7as, adolescentes, jovens e adultos buscando uma forma\u00e7\u00e3o cultural por meio da dan\u00e7a.<\/p>\n<p>O evento marca o encerramento do ano letivo do projeto, que \u00e9 mantido pela Prefeitura de Corumb\u00e1, por meio da Funda\u00e7\u00e3o da Cultura e do Patrim\u00f4nio Hist\u00f3rico, e exibe o trabalho desenvolvido com os alunos da Oficina.<\/p>\n","protected":false},"excerpt":{"rendered":"<p>A Oficina de Dan\u00e7a do Pantanal apresenta nos dias 16 e 17 de dezembro dois&#8230;<\/p>\n","protected":false},"author":1,"featured_media":37830,"comment_status":"closed","ping_status":"closed","sticky":false,"template":"","format":"standard","meta":{"footnotes":""},"categories":[7],"tags":[],"class_list":["post-37829","post","type-post","status-publish","format-standard","has-post-thumbnail","hentry","category-cultura"],"_links":{"self":[{"href":"https:\/\/www.corumbaonline.com.br\/news\/wp-json\/wp\/v2\/posts\/37829","targetHints":{"allow":["GET"]}}],"collection":[{"href":"https:\/\/www.corumbaonline.com.br\/news\/wp-json\/wp\/v2\/posts"}],"about":[{"href":"https:\/\/www.corumbaonline.com.br\/news\/wp-json\/wp\/v2\/types\/post"}],"author":[{"embeddable":true,"href":"https:\/\/www.corumbaonline.com.br\/news\/wp-json\/wp\/v2\/users\/1"}],"replies":[{"embeddable":true,"href":"https:\/\/www.corumbaonline.com.br\/news\/wp-json\/wp\/v2\/comments?post=37829"}],"version-history":[{"count":1,"href":"https:\/\/www.corumbaonline.com.br\/news\/wp-json\/wp\/v2\/posts\/37829\/revisions"}],"predecessor-version":[{"id":37831,"href":"https:\/\/www.corumbaonline.com.br\/news\/wp-json\/wp\/v2\/posts\/37829\/revisions\/37831"}],"wp:featuredmedia":[{"embeddable":true,"href":"https:\/\/www.corumbaonline.com.br\/news\/wp-json\/wp\/v2\/media\/37830"}],"wp:attachment":[{"href":"https:\/\/www.corumbaonline.com.br\/news\/wp-json\/wp\/v2\/media?parent=37829"}],"wp:term":[{"taxonomy":"category","embeddable":true,"href":"https:\/\/www.corumbaonline.com.br\/news\/wp-json\/wp\/v2\/categories?post=37829"},{"taxonomy":"post_tag","embeddable":true,"href":"https:\/\/www.corumbaonline.com.br\/news\/wp-json\/wp\/v2\/tags?post=37829"}],"curies":[{"name":"wp","href":"https:\/\/api.w.org\/{rel}","templated":true}]}}