{"id":38065,"date":"2019-12-24T11:12:15","date_gmt":"2019-12-24T15:12:15","guid":{"rendered":"http:\/\/www.corumbaonline.com.br\/news\/?p=38065"},"modified":"2019-12-24T12:18:51","modified_gmt":"2019-12-24T16:18:51","slug":"fortalecimento-do-servico-de-inteligencia-e-trabalho-integrado-desmontam-plano-de-roubo-milionario-do-banco-do-brasil-no-ms","status":"publish","type":"post","link":"https:\/\/www.corumbaonline.com.br\/news\/fortalecimento-do-servico-de-inteligencia-e-trabalho-integrado-desmontam-plano-de-roubo-milionario-do-banco-do-brasil-no-ms\/","title":{"rendered":"Fortalecimento do servi\u00e7o de intelig\u00eancia e trabalho integrado desmontam plano de roubo milion\u00e1rio do Banco do Brasil no MS"},"content":{"rendered":"<p>Al\u00e9m de melhorar o aparelhamento das unidades de seguran\u00e7a p\u00fablica e valorizar a carreira, o Governo do Estado vem investindo na amplia\u00e7\u00e3o da estrutura do servi\u00e7o de intelig\u00eancia e na integra\u00e7\u00e3o entre as for\u00e7as estaduais e de outros estados e tamb\u00e9m outros \u00f3rg\u00e3os, como o Minist\u00e9rio P\u00fablico. \u201cEntendemos que investindo no servi\u00e7o de intelig\u00eancia e na integra\u00e7\u00e3o com outros \u00f3rg\u00e3os vamos alcan\u00e7ar efici\u00eancia e melhores resultados, otimizando recursos financeiros e de log\u00edstica\u201d, tem afirmado o governador Reinaldo Azambuja.<\/p>\n<p>Com essa convic\u00e7\u00e3o, j\u00e1 no primeiro mandato, iniciado em 2015, a administra\u00e7\u00e3o estadual implantou n\u00facleos de intelig\u00eancia nas 11 Regionais da Pol\u00edcia Civil. \u201cCom as a\u00e7\u00f5es de intelig\u00eancia reduzimos custos e otimizamos os resultados. O servi\u00e7o de intelig\u00eancia serve para subsidiar os gestores na tomada de decis\u00f5es de preven\u00e7\u00e3o e repress\u00e3o aos crimes\u201d, pontuou o secret\u00e1rio de Justi\u00e7a e Seguran\u00e7a P\u00fablica, Antonio Carlos Videira.<\/p>\n<div id=\"attachment_211526\" class=\"wp-caption alignnone\">\n<figure id=\"attachment_211526\" aria-describedby=\"caption-attachment-211526\" style=\"width: 672px\" class=\"wp-caption alignnone\"><img loading=\"lazy\" decoding=\"async\" class=\"wp-image-211526 size-full\" src=\"http:\/\/www.ms.gov.br\/wp-content\/uploads\/sites\/150\/2018\/04\/helicoptero_foto_pmms.jpg\" sizes=\"auto, (max-width: 672px) 100vw, 672px\" srcset=\"http:\/\/www.ms.gov.br\/wp-content\/uploads\/sites\/150\/2018\/04\/helicoptero_foto_pmms.jpg 672w, http:\/\/www.ms.gov.br\/wp-content\/uploads\/sites\/150\/2018\/04\/helicoptero_foto_pmms-300x166.jpg 300w\" alt=\"\" width=\"672\" height=\"372\" \/><figcaption id=\"caption-attachment-211526\" class=\"wp-caption-text\">A integra\u00e7\u00e3o entre as for\u00e7as de seguran\u00e7a tamb\u00e9m tem sido importante no combate \u00e0 criminalidade<\/figcaption><\/figure>\n<\/div>\n<p>Ele disse que as estat\u00edsticas mostram que o Governo do Estado acertou em fortalecer as unidades de intelig\u00eancia e na integra\u00e7\u00e3o entre as for\u00e7as de seguran\u00e7a. Um dos casos mais recentes \u00e9 o da pris\u00e3o da quadrilha de assaltantes que estava fazendo um t\u00fanel para roubar cofre da central do Banco do Brasil, em Campo Grande. \u201cFoi um trabalho do Garras e da Diretoria de Intelig\u00eancia da Pol\u00edcia Civil\u201d, comentou Videira. A partir do levantamento do servi\u00e7o de intelig\u00eancia, a quadrilha passou a ser monitorada e no \u00faltimo domingo (22) foi presa o plano de roubo desmontado. O t\u00fanel feito com sofistica\u00e7\u00e3o, j\u00e1 tinha quase 70 metros de comprimento e estava pr\u00f3ximo ao cofre. Os criminosos eram de S\u00e3o Paulo, do Nordeste e de Mato Grosso.<\/p>\n<p>Outro bando preso gra\u00e7as ao trabalho integrado entre as for\u00e7as policiais e o servi\u00e7o de intelig\u00eancia, foi a da chamada \u201cQuadrilha do Chap\u00e9u\u201d, que havia feito v\u00e1rios assaltos a com\u00e9rcio em Campo Grande em novembro, usando armas pesadas. Trabalho realizado pelo Batalh\u00e3o de Choque e o servi\u00e7o de intelig\u00eancia da Pol\u00edcia Militar.<\/p>\n<p>Antonio Carlos Videira destaca ainda as v\u00e1rias opera\u00e7\u00f5es realizadas no \u00e2mbito do Gabinete de Gest\u00e3o Integrada de Fronteiras e Divisas (GGIFRON\/Div), envolvendo Pol\u00edcia Federal, Pol\u00edcia Rodovi\u00e1ria Federal, Ex\u00e9rcito, Marinha, Aeron\u00e1utica, Pol\u00edcia Civil, Pol\u00edcia Militar e Pol\u00edcia Militar Rodovi\u00e1ria. Al\u00e9m das a\u00e7\u00f5es de combate \u00e0 criminalidade na fronteira, foram realizadas opera\u00e7\u00f5es conjuntas com as policiais dos estados vizinhos.<\/p>\n<p>As for\u00e7as de seguran\u00e7a de Mato Grosso do Sul atuaram tamb\u00e9m com o Minist\u00e9rio P\u00fablico do Estado (MPMS) e de S\u00e3o Paulo e Minas Gerais, em opera\u00e7\u00f5es para desarticular grupos que tinham atua\u00e7\u00e3o interestadual. E com o Gaeco\/MS (Grupo de Atua\u00e7\u00e3o Especial de Atua\u00e7\u00e3o Especial de Repress\u00e3o ao Crime Organizado), participou em outubro deste ano da Opera\u00e7\u00e3o Omert\u00e0, em investiga\u00e7\u00e3o sobre suposta mil\u00edcia que atuava no Estado.<\/p>\n<p>Nos pres\u00eddios tamb\u00e9m o trabalho da intelig\u00eancia tem sido fundamental para evitar motins e rebeli\u00f5es. \u201cSempre que a intelig\u00eancia detecta alguma movimenta\u00e7\u00e3o rapidamente o Choque \u00e9 acionado e junto com a Agepen \u00e9 realizada a a\u00e7\u00e3o preventiva\u201d, afirmou o secret\u00e1rio.<\/p>\n<p><strong>Ranking<\/strong><\/p>\n<p>Como esse modelo de gest\u00e3o do Governo, Mato Grosso do Sul assumiu neste ano o segundo lugar no pilar Seguran\u00e7a P\u00fablica, no Ranking de Competitividade dos Estado, elaborado pelo Centro de Lideran\u00e7a Pol\u00edtica (CLP). MS obteve 89,2 pontos, numa escala de zero a 100, desempenho acima da m\u00e9dia nacional, que foi 57,5. O Estado s\u00f3 perdeu para Santa Catarina.<\/p>\n<p><img loading=\"lazy\" decoding=\"async\" class=\"wp-image-245572 alignright\" src=\"http:\/\/www.ms.gov.br\/wp-content\/uploads\/sites\/150\/2019\/01\/PERICIA-LOCAL-DE-CRIME.jpg\" sizes=\"auto, (max-width: 493px) 100vw, 493px\" srcset=\"http:\/\/www.ms.gov.br\/wp-content\/uploads\/sites\/150\/2019\/01\/PERICIA-LOCAL-DE-CRIME.jpg 672w, http:\/\/www.ms.gov.br\/wp-content\/uploads\/sites\/150\/2019\/01\/PERICIA-LOCAL-DE-CRIME-300x166.jpg 300w\" alt=\"\" width=\"493\" height=\"273\" \/><\/p>\n<p>E os n\u00fameros comprovam a efici\u00eancia da pol\u00edtica de seguran\u00e7a p\u00fablica implantada no governo de Reinaldo Azambuja. O \u00faltimo balan\u00e7o divulgado pela Sejusp mostra a redu\u00e7\u00e3o no \u00edndice de criminalidade. Comparando com o mesmo per\u00edodo do ano passado, neste ano as ocorr\u00eancias de roubos seguidos de morte (latroc\u00ednio), que tiveram recuo de 50% no Estado, sendo registrados oito casos, enquanto na Capital esse percentual \u00e9 ainda maior: 87,5%\u00a0\u2013 uma ocorr\u00eancia em 2019 e oito em 2018.<\/p>\n<p>Outro delito que tamb\u00e9m tem apresentado uma queda significativa no Estado s\u00e3o crimes contra o patrim\u00f4nio. Os roubos em com\u00e9rcios, por exemplo, ca\u00edram 30,6%, sendo registrados 259 ocorr\u00eancias em 2019. Logo depois est\u00e3o os roubos de ve\u00edculos, que registraram uma redu\u00e7\u00e3o de 29,4%, passando de 531 registros para 375 em 2019. Em seguida est\u00e3o as ocorr\u00eancias em vias p\u00fablicas, com queda de 23,3%. J\u00e1 os delitos ocorridos em resid\u00eancias, as estat\u00edsticas apontam que os \u00edndices ca\u00edram 16,6%.<\/p>\n","protected":false},"excerpt":{"rendered":"<p>Al\u00e9m de melhorar o aparelhamento das unidades de seguran\u00e7a p\u00fablica e valorizar a carreira, o&#8230;<\/p>\n","protected":false},"author":1,"featured_media":0,"comment_status":"closed","ping_status":"closed","sticky":false,"template":"","format":"standard","meta":{"footnotes":""},"categories":[18],"tags":[],"class_list":["post-38065","post","type-post","status-publish","format-standard","hentry","category-seguranca"],"_links":{"self":[{"href":"https:\/\/www.corumbaonline.com.br\/news\/wp-json\/wp\/v2\/posts\/38065","targetHints":{"allow":["GET"]}}],"collection":[{"href":"https:\/\/www.corumbaonline.com.br\/news\/wp-json\/wp\/v2\/posts"}],"about":[{"href":"https:\/\/www.corumbaonline.com.br\/news\/wp-json\/wp\/v2\/types\/post"}],"author":[{"embeddable":true,"href":"https:\/\/www.corumbaonline.com.br\/news\/wp-json\/wp\/v2\/users\/1"}],"replies":[{"embeddable":true,"href":"https:\/\/www.corumbaonline.com.br\/news\/wp-json\/wp\/v2\/comments?post=38065"}],"version-history":[{"count":1,"href":"https:\/\/www.corumbaonline.com.br\/news\/wp-json\/wp\/v2\/posts\/38065\/revisions"}],"predecessor-version":[{"id":38066,"href":"https:\/\/www.corumbaonline.com.br\/news\/wp-json\/wp\/v2\/posts\/38065\/revisions\/38066"}],"wp:attachment":[{"href":"https:\/\/www.corumbaonline.com.br\/news\/wp-json\/wp\/v2\/media?parent=38065"}],"wp:term":[{"taxonomy":"category","embeddable":true,"href":"https:\/\/www.corumbaonline.com.br\/news\/wp-json\/wp\/v2\/categories?post=38065"},{"taxonomy":"post_tag","embeddable":true,"href":"https:\/\/www.corumbaonline.com.br\/news\/wp-json\/wp\/v2\/tags?post=38065"}],"curies":[{"name":"wp","href":"https:\/\/api.w.org\/{rel}","templated":true}]}}