{"id":38118,"date":"2019-12-27T11:40:55","date_gmt":"2019-12-27T15:40:55","guid":{"rendered":"http:\/\/www.corumbaonline.com.br\/news\/?p=38118"},"modified":"2019-12-27T12:11:49","modified_gmt":"2019-12-27T16:11:49","slug":"pma-e-ibama-encerram-operacao-contra-o-trafico-de-papagaios-e-apreendem-185-aves-e-autuam-seis-traficantes","status":"publish","type":"post","link":"https:\/\/www.corumbaonline.com.br\/news\/pma-e-ibama-encerram-operacao-contra-o-trafico-de-papagaios-e-apreendem-185-aves-e-autuam-seis-traficantes\/","title":{"rendered":"PMA e Ibama encerram opera\u00e7\u00e3o contra o tr\u00e1fico de papagaios e apreendem 185 aves e autuam seis traficantes"},"content":{"rendered":"<p>Com o fim da reprodu\u00e7\u00e3o do papagaio agora em dezembro, a PMA e o IBAMA encerraram nesta quinta-feira (26) a Opera\u00e7\u00e3o Bocai\u00fava. Desde a segunda quinzena de novembro, as equipes j\u00e1 tinham sido reduzidas, mas mantendo sempre efetivo de intelig\u00eancia e algumas equipes em propriedades rurais e bloqueios, para evitar o tr\u00e1fico de animais silvestres.<\/p>\n<p>A opera\u00e7\u00e3o\u00a0resultou na pris\u00e3o de seis pessoas e apreens\u00e3o de 180 aves da esp\u00e9cie papagaio-verdadeiro\u00a0<em>(Amazona aestiva),\u00a0<\/em>al\u00e9m de cinco periquitos<em>.\u00a0<\/em>Esse n\u00famero \u00e9 27,65% maior do que o ano de 2018, quando foram apreendidas 141 aves. Por\u00e9m, comparado ao ano de 2017, em que n\u00e3o houve a opera\u00e7\u00e3o Bocai\u00fava, o percentual caiu em 49,57%. Naquele ano as apreens\u00f5es foram de 357 papagaios, o que indica que a opera\u00e7\u00e3o \u00e9 essencial para a preven\u00e7\u00e3o ao tr\u00e1fico.<\/p>\n<div id=\"attachment_290874\" class=\"wp-caption alignnone\">\n<figure id=\"attachment_290874\" aria-describedby=\"caption-attachment-290874\" style=\"width: 672px\" class=\"wp-caption alignnone\"><img loading=\"lazy\" decoding=\"async\" class=\"wp-image-290874 size-full\" src=\"http:\/\/www.ms.gov.br\/wp-content\/uploads\/sites\/150\/2019\/12\/Papagaios-apreendidos.jpg\" sizes=\"auto, (max-width: 672px) 100vw, 672px\" srcset=\"http:\/\/www.ms.gov.br\/wp-content\/uploads\/sites\/150\/2019\/12\/Papagaios-apreendidos.jpg 672w, http:\/\/www.ms.gov.br\/wp-content\/uploads\/sites\/150\/2019\/12\/Papagaios-apreendidos-300x166.jpg 300w\" alt=\"\" width=\"672\" height=\"372\" \/><figcaption id=\"caption-attachment-290874\" class=\"wp-caption-text\">Filhotes apreendidos na Opera\u00e7\u00e3o Bocai\u00fava deste ano (Foto: Divulga\u00e7\u00e3o\/PMA)<\/figcaption><\/figure>\n<\/div>\n<p>Como aconteceram nos anos anteriores, outras unidades da Pol\u00edcia Militar foram importantes nas apreens\u00f5es, bem como outras for\u00e7as de seguran\u00e7a, como Pol\u00edcia Rodovi\u00e1ria Federal e Pol\u00edcia Civil tiveram participa\u00e7\u00f5es importantes na preven\u00e7\u00e3o e repress\u00e3o ao tr\u00e1fico das aves na regi\u00e3o foco.<\/p>\n<p><strong>OPERA\u00c7\u00c3O BOCAI\u00daVA<\/strong><\/p>\n<p>A PMA e o IBAMA, como no ano passado, no per\u00edodo reprodutivo dos psitac\u00eddeos (papagaio, arara, periquitos, maritacas, etc.) realizaram a opera\u00e7\u00e3o contra o tr\u00e1fico de animais silvestres, especialmente o papagaio. A \u201cOpera\u00e7\u00e3o Bocai\u00fava\u201d envolveu 43 policiais e fiscais, desde o dia 15 de agosto, no intuito principal de evitar a retirada dos filhotes dos ninhos, tendo em vista, que depois da retirada das aves, mesmo quando se apreendem, os problemas \u00e0 natureza e os custos econ\u00f4micos, para cuidar dos animais at\u00e9 a reintrodu\u00e7\u00e3o, envolvem muito dinheiro p\u00fablico.<\/p>\n<p>As equipes foram distribu\u00eddas em fazendas e bloqueios e outros \u00f3rg\u00e3os de seguran\u00e7a, como, Unidades da Pol\u00edcia Militar, Pol\u00edcia Civil e Pol\u00edcia Rodovi\u00e1ria Federal, principalmente da regi\u00e3o com maior \u00edndice do tr\u00e1fico.<\/p>\n<p>Em anos anteriores a PMA realizava tamb\u00e9m o monitoramento do que era apreendido pela Pol\u00edcia Rodovi\u00e1ria de S\u00e3o Paulo, de animais sa\u00eddos de Mato Grosso do Sul e, tanto em 2018, como em 2019, n\u00e3o foi verificada apreens\u00e3o naquele Estado de aves sa\u00eddas do Estado.<\/p>\n<p><strong>REGI\u00c3O PRINCIPAL DO TR\u00c1FICO E PER\u00cdODO PREOCUPANTE<\/strong><\/p>\n<p>A regi\u00e3o monitorada \u00e9 basicamente a que constitui os munic\u00edpios pr\u00f3ximos \u00e0s divisas com os estados de S\u00e3o Paulo e Paran\u00e1, como\u00a0Jate\u00ed, Bataypor\u00e3, Bataguassu, Ivinhema,\u00a0Novo Horizonte do Sul, Anauril\u00e2ndia, Santa Rita do Pardo, Nova Andradina, Tr\u00eas Lagoas e Brasil\u00e2ndia, al\u00e9m de Navira\u00ed, Itaquira\u00ed, Eldorado e Mundo Novo, por\u00e9m, a opera\u00e7\u00e3o foi realizada em todo o Estado, como em 2018, quando houve redu\u00e7\u00e3o na retirada de filhotes de papagaios no Estado.<\/p>\n<p>Nesta opera\u00e7\u00e3o, com foco principal a evitar a retirada, ninhos foram monitorados e as sa\u00eddas do Estado foram fechadas com bloqueios, especialmente as sa\u00eddas para o Estado de S\u00e3o Paulo, que \u00e9 o destino principal registrado dos filhotes de papagaios traficados em Mato Grosso do Sul.<\/p>\n<p><strong>PROBLEMAS DO TR\u00c1FICO DE ANIMAIS SILVESTRES<\/strong><\/p>\n<p>O tr\u00e1fico de animais silvestres \u00e9\u00a0considerado a terceira atividade criminosa mais rent\u00e1vel, perdendo apenas para o tr\u00e1fico de drogas e o tr\u00e1fico de armas. Por\u00e9m, em Mato Grosso do Sul, o problema se resume quase que especificamente ao papagaio.<\/p>\n<div id=\"attachment_147322\" class=\"wp-caption alignnone\">\n<figure id=\"attachment_147322\" aria-describedby=\"caption-attachment-147322\" style=\"width: 1024px\" class=\"wp-caption alignnone\"><img loading=\"lazy\" decoding=\"async\" class=\"wp-image-147322 size-large\" src=\"http:\/\/www.ms.gov.br\/wp-content\/uploads\/sites\/150\/2018\/07\/Cras-Foto-Edemir-Rodrigues-7-1024x567.jpg\" sizes=\"auto, (max-width: 1024px) 100vw, 1024px\" srcset=\"http:\/\/www.ms.gov.br\/wp-content\/uploads\/sites\/150\/2018\/07\/Cras-Foto-Edemir-Rodrigues-7-1024x567.jpg 1024w, http:\/\/www.ms.gov.br\/wp-content\/uploads\/sites\/150\/2018\/07\/Cras-Foto-Edemir-Rodrigues-7-300x166.jpg 300w, http:\/\/www.ms.gov.br\/wp-content\/uploads\/sites\/150\/2018\/07\/Cras-Foto-Edemir-Rodrigues-7-768x425.jpg 768w\" alt=\"\" width=\"1024\" height=\"567\" \/><figcaption id=\"caption-attachment-147322\" class=\"wp-caption-text\">Os papagaios apreendidos s\u00e3o levados para o Centro de Reabilita\u00e7\u00e3o de Animais Silvestres, onde s\u00e3o tratados e depois devolvidos \u00e0 natureza (Foto: Edemir Rodrigues)<\/figcaption><\/figure>\n<\/div>\n<p>Como o que interessa ao comprador \u00e9 a capacidade que a ave tem de aprender a imitar a voz humana, a retirada s\u00f3 \u00e9 realizada enquanto filhote.\u00a0Por esse motivo, o\u00a0per\u00edodo de agosto a dezembro \u00e9 preocupante com rela\u00e7\u00e3o ao tr\u00e1fico de animais silvestres no Estado de Mato Grosso do Sul, pois \u00e9 o per\u00edodo reprodutivo dos papagaios, que \u00e9 o animal mais traficado no Estado.<\/p>\n<p>Por isso, neste per\u00edodo, opera\u00e7\u00f5es preventivas nas propriedades rurais para prevenir a retirada dos animais e aliciamentos de funcion\u00e1rios de fazendas e assentados pelos traficantes, para a retirada dos filhotes, s\u00e3o fundamentais. Tamb\u00e9m \u00e9 importante a vigil\u00e2ncia a traficantes presos em anos anteriores.\u00a0Bloqueios s\u00e3o importantes tamb\u00e9m nas sa\u00eddas do Estado, pois evitam que traficantes de fora e locais sintam-se tentados a praticar o crime.<\/p>\n","protected":false},"excerpt":{"rendered":"<p>Com o fim da reprodu\u00e7\u00e3o do papagaio agora em dezembro, a PMA e o IBAMA&#8230;<\/p>\n","protected":false},"author":1,"featured_media":38119,"comment_status":"closed","ping_status":"closed","sticky":false,"template":"","format":"standard","meta":{"footnotes":""},"categories":[18],"tags":[],"class_list":["post-38118","post","type-post","status-publish","format-standard","has-post-thumbnail","hentry","category-seguranca"],"_links":{"self":[{"href":"https:\/\/www.corumbaonline.com.br\/news\/wp-json\/wp\/v2\/posts\/38118","targetHints":{"allow":["GET"]}}],"collection":[{"href":"https:\/\/www.corumbaonline.com.br\/news\/wp-json\/wp\/v2\/posts"}],"about":[{"href":"https:\/\/www.corumbaonline.com.br\/news\/wp-json\/wp\/v2\/types\/post"}],"author":[{"embeddable":true,"href":"https:\/\/www.corumbaonline.com.br\/news\/wp-json\/wp\/v2\/users\/1"}],"replies":[{"embeddable":true,"href":"https:\/\/www.corumbaonline.com.br\/news\/wp-json\/wp\/v2\/comments?post=38118"}],"version-history":[{"count":1,"href":"https:\/\/www.corumbaonline.com.br\/news\/wp-json\/wp\/v2\/posts\/38118\/revisions"}],"predecessor-version":[{"id":38120,"href":"https:\/\/www.corumbaonline.com.br\/news\/wp-json\/wp\/v2\/posts\/38118\/revisions\/38120"}],"wp:featuredmedia":[{"embeddable":true,"href":"https:\/\/www.corumbaonline.com.br\/news\/wp-json\/wp\/v2\/media\/38119"}],"wp:attachment":[{"href":"https:\/\/www.corumbaonline.com.br\/news\/wp-json\/wp\/v2\/media?parent=38118"}],"wp:term":[{"taxonomy":"category","embeddable":true,"href":"https:\/\/www.corumbaonline.com.br\/news\/wp-json\/wp\/v2\/categories?post=38118"},{"taxonomy":"post_tag","embeddable":true,"href":"https:\/\/www.corumbaonline.com.br\/news\/wp-json\/wp\/v2\/tags?post=38118"}],"curies":[{"name":"wp","href":"https:\/\/api.w.org\/{rel}","templated":true}]}}