{"id":38217,"date":"2020-01-03T09:09:32","date_gmt":"2020-01-03T13:09:32","guid":{"rendered":"http:\/\/www.corumbaonline.com.br\/news\/?p=38217"},"modified":"2020-01-03T12:16:51","modified_gmt":"2020-01-03T16:16:51","slug":"tarifa-branca-ja-esta-disponivel-para-todas-as-faixas-de-consumo-concen-alerta-que-e-preciso-avaliacao-criteriosa-para-aderir","status":"publish","type":"post","link":"https:\/\/www.corumbaonline.com.br\/news\/tarifa-branca-ja-esta-disponivel-para-todas-as-faixas-de-consumo-concen-alerta-que-e-preciso-avaliacao-criteriosa-para-aderir\/","title":{"rendered":"Tarifa branca j\u00e1 est\u00e1 dispon\u00edvel para todas as faixas de consumo; Concen alerta que \u00e9 preciso avalia\u00e7\u00e3o criteriosa para aderir"},"content":{"rendered":"<div>Desde a \u00faltima quarta-feira, 01, a chamada tarifa branca, Idealizada para refletir o uso das redes, j\u00e1 est\u00e1 dispon\u00edvel \u00a0para todas unidades consumidoras conectadas em baixa tens\u00e3o (resid\u00eancias e pequenos com\u00e9rcios, por exemplo).<\/div>\n<div>\nA modalidade, que proporciona economia para quem concentra o consumo fora do hor\u00e1rio de ponta, n\u00e3o se aplica a consumidores residenciais classificados como baixa renda, benefici\u00e1rios de descontos previstos em Lei, e \u00e0 ilumina\u00e7\u00e3o p\u00fablica.<\/div>\n<div>\nA presidente do Concen (Conselho dos Consumidores da \u00c1rea de Concess\u00e3o da Energisa MS), Rosimeire Costa, lembra que a tarifa branca foi regulamentada pela Aneel em 2016, com per\u00edodo de adapta\u00e7\u00e3o, com tr\u00eas anos de grupos de prioridade, come\u00e7ando pelos consumidores na faixa superior a 500 kwh. Na \u00e1rea de concess\u00e3o o per\u00edodo de ponta \u00e9 das 17h30 \u00e0s 21h30, quando o uso de ilumina\u00e7\u00e3o residencial \u00e9 intensificado, sendo considerado intermedi\u00e1rio de 16h30 \u00e0s 17h30 e das 21h30 \u00e0s 22h30. &#8220;Pode ser interessante para quem, por exemplo, fique fora de casa nesse per\u00edodo e que pode reduzir, conforme simula\u00e7\u00e3o que fizemos \u00e9 de em torno de 20%, podendo chegar at\u00e9 40%, dependo do perfil de consumo&#8221;. Para fazer a ades\u00e3o, \u00e9 preciso ir \u00e0 concession\u00e1ria e assinar termo de solicita\u00e7\u00e3o.<\/div>\n<div>\nA Aneel informa que \u00e9 poss\u00edvel aderir, se o consumidor n\u00e3o perceber a vantagem, ele pode solicitar sua volta ao sistema anterior (tarifa convencional). A distribuidora ter\u00e1 30 dias ap\u00f3s o pedido para retornar o consumidor ao sistema convencional. Caso queira participar de novo da modalidade tarif\u00e1ria branca, h\u00e1 um per\u00edodo de car\u00eancia de 180 dias. &#8220;O problema \u00e9 que esse custo, de instala\u00e7\u00e3o dos medidores inteligentes, recai sobre a tarifa de todo o condom\u00ednio, ou seja todos os consumidores pagam por esse equipamento via reajuste peri\u00f3dico da tarifa, al\u00e9m de que, mudar sem deslocar o consumo para fora do per\u00edodo de ponta, pode provocar inclusive um aumento substancial na conta de energia el\u00e9trica&#8221;, pontua a presidente do Concen.<\/div>\n<div>\nHoje, \u00a0na \u00e1rea de concess\u00e3o da Energisa-MS s\u00e3o 392 clientes que aderiram \u00e0 esta modalidade, a maior parte deles, 250, s\u00e3o residenciais. H\u00e1 tamb\u00e9m 124 no com\u00e9rcio, quatro ind\u00fastrias, 10 rurais e quatro do servi\u00e7o p\u00fablico, conforme dados da concession\u00e1ria.<\/div>\n","protected":false},"excerpt":{"rendered":"<p>Desde a \u00faltima quarta-feira, 01, a chamada tarifa branca, Idealizada para refletir o uso das&#8230;<\/p>\n","protected":false},"author":1,"featured_media":0,"comment_status":"closed","ping_status":"closed","sticky":false,"template":"","format":"standard","meta":{"footnotes":""},"categories":[9],"tags":[],"class_list":["post-38217","post","type-post","status-publish","format-standard","hentry","category-economia"],"_links":{"self":[{"href":"https:\/\/www.corumbaonline.com.br\/news\/wp-json\/wp\/v2\/posts\/38217","targetHints":{"allow":["GET"]}}],"collection":[{"href":"https:\/\/www.corumbaonline.com.br\/news\/wp-json\/wp\/v2\/posts"}],"about":[{"href":"https:\/\/www.corumbaonline.com.br\/news\/wp-json\/wp\/v2\/types\/post"}],"author":[{"embeddable":true,"href":"https:\/\/www.corumbaonline.com.br\/news\/wp-json\/wp\/v2\/users\/1"}],"replies":[{"embeddable":true,"href":"https:\/\/www.corumbaonline.com.br\/news\/wp-json\/wp\/v2\/comments?post=38217"}],"version-history":[{"count":1,"href":"https:\/\/www.corumbaonline.com.br\/news\/wp-json\/wp\/v2\/posts\/38217\/revisions"}],"predecessor-version":[{"id":38218,"href":"https:\/\/www.corumbaonline.com.br\/news\/wp-json\/wp\/v2\/posts\/38217\/revisions\/38218"}],"wp:attachment":[{"href":"https:\/\/www.corumbaonline.com.br\/news\/wp-json\/wp\/v2\/media?parent=38217"}],"wp:term":[{"taxonomy":"category","embeddable":true,"href":"https:\/\/www.corumbaonline.com.br\/news\/wp-json\/wp\/v2\/categories?post=38217"},{"taxonomy":"post_tag","embeddable":true,"href":"https:\/\/www.corumbaonline.com.br\/news\/wp-json\/wp\/v2\/tags?post=38217"}],"curies":[{"name":"wp","href":"https:\/\/api.w.org\/{rel}","templated":true}]}}