{"id":38236,"date":"2020-01-07T11:18:04","date_gmt":"2020-01-07T15:18:04","guid":{"rendered":"http:\/\/www.corumbaonline.com.br\/news\/?p=38236"},"modified":"2020-01-07T11:59:04","modified_gmt":"2020-01-07T15:59:04","slug":"prefeitura-tera-r-17-milhao-de-emendas-parlamentares-para-investir-na-seguranca-publica","status":"publish","type":"post","link":"https:\/\/www.corumbaonline.com.br\/news\/prefeitura-tera-r-17-milhao-de-emendas-parlamentares-para-investir-na-seguranca-publica\/","title":{"rendered":"Prefeitura ter\u00e1 R$ 1,7 milh\u00e3o de emendas parlamentares para investir na Seguran\u00e7a P\u00fablica"},"content":{"rendered":"<p style=\"box-sizing: border-box; font-family: Georgia; font-size: 18.75px; font-style: normal; font-weight: 100; line-height: inherit; border: 0px; outline: 0px; -webkit-font-smoothing: antialiased; overflow-wrap: break-word; margin: 15px 0px; font-variant-ligatures: normal; font-variant-caps: normal; font-variant-numeric: inherit; font-variant-east-asian: inherit; font-stretch: inherit; padding: 0px; vertical-align: baseline; color: #505050; letter-spacing: normal; orphans: 2; text-align: start; text-indent: 0px; text-transform: none; white-space: normal; widows: 2; word-spacing: 0px; -webkit-text-stroke-width: 0px; background-color: #ffffff; text-decoration-style: initial; text-decoration-color: initial;\">Em 2020 a Secretaria Municipal de Seguran\u00e7a P\u00fablica ter\u00e1 mais R$ 1,750 milh\u00e3o (um milh\u00e3o, setecentos e cinquenta e mil reais) para melhorar a estrutura da Guarda Municipal e ampliar os servi\u00e7os oferecidos \u00e0 popula\u00e7\u00e3o corumbaense.<span id=\"more-65296\" style=\"box-sizing: border-box; font-family: inherit; font-size: 18.75px; font-style: inherit; font-weight: inherit; line-height: inherit; border: 0px; outline: 0px; -webkit-font-smoothing: antialiased; overflow-wrap: break-word; font-variant: inherit; font-stretch: inherit; margin: 0px; padding: 0px; vertical-align: baseline;\"><\/span><\/p>\n<p style=\"box-sizing: border-box; font-family: Georgia; font-size: 18.75px; font-style: normal; font-weight: 100; line-height: inherit; border: 0px; outline: 0px; -webkit-font-smoothing: antialiased; overflow-wrap: break-word; margin: 15px 0px; font-variant-ligatures: normal; font-variant-caps: normal; font-variant-numeric: inherit; font-variant-east-asian: inherit; font-stretch: inherit; padding: 0px; vertical-align: baseline; color: #505050; letter-spacing: normal; orphans: 2; text-align: start; text-indent: 0px; text-transform: none; white-space: normal; widows: 2; word-spacing: 0px; -webkit-text-stroke-width: 0px; background-color: #ffffff; text-decoration-style: initial; text-decoration-color: initial;\">As emendas federais foram asseguradas no final do ano passado pela senadora Soraya Thronicke e pelos deputados federais Beto Pereira e Tio Trutis.<\/p>\n<p style=\"box-sizing: border-box; font-family: Georgia; font-size: 18.75px; font-style: normal; font-weight: 100; line-height: inherit; border: 0px; outline: 0px; -webkit-font-smoothing: antialiased; overflow-wrap: break-word; margin: 15px 0px; font-variant-ligatures: normal; font-variant-caps: normal; font-variant-numeric: inherit; font-variant-east-asian: inherit; font-stretch: inherit; padding: 0px; vertical-align: baseline; color: #505050; letter-spacing: normal; orphans: 2; text-align: start; text-indent: 0px; text-transform: none; white-space: normal; widows: 2; word-spacing: 0px; -webkit-text-stroke-width: 0px; background-color: #ffffff; text-decoration-style: initial; text-decoration-color: initial;\">\u201cCom o recurso disponibilizado pela senadora Soraya vamos adquirir mais quatro viaturas para melhorar a frota da nossa Guarda Municipal e expandir o trabalho que j\u00e1 \u00e9 realizado pelos nossos servidores em toda a cidade\u201d, explicou o secret\u00e1rio municipal de Seguran\u00e7a P\u00fablica, Edson Panes de Oliveira Filho.<\/p>\n<p style=\"box-sizing: border-box; font-family: Georgia; font-size: 18.75px; font-style: normal; font-weight: 100; line-height: inherit; border: 0px; outline: 0px; -webkit-font-smoothing: antialiased; overflow-wrap: break-word; margin: 15px 0px; font-variant-ligatures: normal; font-variant-caps: normal; font-variant-numeric: inherit; font-variant-east-asian: inherit; font-stretch: inherit; padding: 0px; vertical-align: baseline; color: #505050; letter-spacing: normal; orphans: 2; text-align: start; text-indent: 0px; text-transform: none; white-space: normal; widows: 2; word-spacing: 0px; -webkit-text-stroke-width: 0px; background-color: #ffffff; text-decoration-style: initial; text-decoration-color: initial;\">\u201cJ\u00e1 com as emendas dos deputados Beto Pereira e Tio Trutis, a Prefeitura vai modernizar e aumentar o servi\u00e7o de videomonitoramento que j\u00e1 existe no munic\u00edpio. S\u00e3o a\u00e7\u00f5es que v\u00e3o melhorar significativamente a seguran\u00e7a de toda popula\u00e7\u00e3o\u201d, complementou o secret\u00e1rio, que agradeceu ao apoio da bancada e destacou o trabalho realizado pelo prefeito Marcelo Iunes.<\/p>\n<p style=\"box-sizing: border-box; font-family: Georgia; font-size: 18.75px; font-style: normal; font-weight: 100; line-height: inherit; border: 0px; outline: 0px; -webkit-font-smoothing: antialiased; overflow-wrap: break-word; margin: 15px 0px; font-variant-ligatures: normal; font-variant-caps: normal; font-variant-numeric: inherit; font-variant-east-asian: inherit; font-stretch: inherit; padding: 0px; vertical-align: baseline; color: #505050; letter-spacing: normal; orphans: 2; text-align: start; text-indent: 0px; text-transform: none; white-space: normal; widows: 2; word-spacing: 0px; -webkit-text-stroke-width: 0px; background-color: #ffffff; text-decoration-style: initial; text-decoration-color: initial;\">\u201cA ida do prefeito na \u00faltima semana do ano \u00e0 Bras\u00edlia foi determinante para que a cidade fosse contemplada com essas emendas. S\u00e3o recursos que v\u00e3o fazer toda diferen\u00e7a no cotidiano dos servidores e principalmente no dia-a-dia dos mun\u00edcipes da nossa cidade\u201d, finalizou Edson Panes.<\/p>\n","protected":false},"excerpt":{"rendered":"<p>Em 2020 a Secretaria Municipal de Seguran\u00e7a P\u00fablica ter\u00e1 mais R$ 1,750 milh\u00e3o (um milh\u00e3o,&#8230;<\/p>\n","protected":false},"author":1,"featured_media":38239,"comment_status":"closed","ping_status":"closed","sticky":false,"template":"","format":"standard","meta":{"footnotes":""},"categories":[8,9,19],"tags":[],"class_list":["post-38236","post","type-post","status-publish","format-standard","has-post-thumbnail","hentry","category-destaque","category-economia","category-politica"],"_links":{"self":[{"href":"https:\/\/www.corumbaonline.com.br\/news\/wp-json\/wp\/v2\/posts\/38236","targetHints":{"allow":["GET"]}}],"collection":[{"href":"https:\/\/www.corumbaonline.com.br\/news\/wp-json\/wp\/v2\/posts"}],"about":[{"href":"https:\/\/www.corumbaonline.com.br\/news\/wp-json\/wp\/v2\/types\/post"}],"author":[{"embeddable":true,"href":"https:\/\/www.corumbaonline.com.br\/news\/wp-json\/wp\/v2\/users\/1"}],"replies":[{"embeddable":true,"href":"https:\/\/www.corumbaonline.com.br\/news\/wp-json\/wp\/v2\/comments?post=38236"}],"version-history":[{"count":1,"href":"https:\/\/www.corumbaonline.com.br\/news\/wp-json\/wp\/v2\/posts\/38236\/revisions"}],"predecessor-version":[{"id":38240,"href":"https:\/\/www.corumbaonline.com.br\/news\/wp-json\/wp\/v2\/posts\/38236\/revisions\/38240"}],"wp:featuredmedia":[{"embeddable":true,"href":"https:\/\/www.corumbaonline.com.br\/news\/wp-json\/wp\/v2\/media\/38239"}],"wp:attachment":[{"href":"https:\/\/www.corumbaonline.com.br\/news\/wp-json\/wp\/v2\/media?parent=38236"}],"wp:term":[{"taxonomy":"category","embeddable":true,"href":"https:\/\/www.corumbaonline.com.br\/news\/wp-json\/wp\/v2\/categories?post=38236"},{"taxonomy":"post_tag","embeddable":true,"href":"https:\/\/www.corumbaonline.com.br\/news\/wp-json\/wp\/v2\/tags?post=38236"}],"curies":[{"name":"wp","href":"https:\/\/api.w.org\/{rel}","templated":true}]}}