{"id":38282,"date":"2020-01-08T16:38:36","date_gmt":"2020-01-08T20:38:36","guid":{"rendered":"http:\/\/www.corumbaonline.com.br\/news\/?p=38282"},"modified":"2020-01-08T16:00:51","modified_gmt":"2020-01-08T20:00:51","slug":"saude-notificou-52-casos-suspeitos-de-dengue-na-primeira-semana-epidemiologica-de-2020","status":"publish","type":"post","link":"https:\/\/www.corumbaonline.com.br\/news\/saude-notificou-52-casos-suspeitos-de-dengue-na-primeira-semana-epidemiologica-de-2020\/","title":{"rendered":"Sa\u00fade notificou 52 casos suspeitos de dengue na primeira semana epidemiol\u00f3gica de 2020"},"content":{"rendered":"<p>No dia 8 de janeiro, t\u00e9cnicos da Secretaria de Sa\u00fade se reuniram na \u201cSala de Situa\u00e7\u00e3o\u201d com objetivo de analisar a situa\u00e7\u00e3o do Munic\u00edpio e de discutir medidas de combate ao vetor Aedes Aegypti.<\/p>\n<p>Na primeira semana de 2020, que compreende o per\u00edodo de 30 de dezembro \u00e0 4 de janeiro, foram realizadas 52 notifica\u00e7\u00f5es. Segundo o \u00faltimo Boletim Epidemiol\u00f3gico de 2019, divulgado pelo Governo do Estado, Corumb\u00e1 est\u00e1 em 56\u00ba lugar de 79 Munic\u00edpios em casos de notifica\u00e7\u00e3o.<\/p>\n<p>Segundo a Coordenadora da Vigil\u00e2ncia Epidemiol\u00f3gica, Mari\u00e2ngela Capurro, este \u00e9 um momento de aumento de casos, \u201cj\u00e1 era esperado um aumento dos casos devido ao per\u00edodo chuvoso, mas as notifica\u00e7\u00f5es est\u00e3o sendo muito expressivas, corremos o risco de passar por um surto\u201d.<\/p>\n<p>\u201cPrecisamos mais do que nunca do apoio da popula\u00e7\u00e3o na conserva\u00e7\u00e3o da limpeza e higiene do seu quintal e do seu bairro, n\u00e3o deixando entulho ou reservat\u00f3rio que acumule \u00e1gua, estes s\u00e3o os principais locais onde encontramos os vetores\u201d, complementa Mari\u00e2ngela.<\/p>\n<p>A Sala de situa\u00e7\u00e3o \u00e9 uma importante ferramenta que disponibiliza informa\u00e7\u00f5es para subsidiar a tomada de decis\u00e3o em rela\u00e7\u00e3o a quest\u00f5es ligadas \u00e0 sa\u00fade p\u00fablica, neste caso espec\u00edfico o combate ao vetor Aedes Aegypti.<br \/>\nA Secretaria de Sa\u00fade de Corumb\u00e1 disponibiliza telefones para moradores denunciarem locais com poss\u00edveis foco. O anonimato \u00e9 garantido.<\/p>\n<p><em>Ligue 08006472255 \/ 08006472109 \/ 3233-2783.<\/em><\/p>\n","protected":false},"excerpt":{"rendered":"<p>No dia 8 de janeiro, t\u00e9cnicos da Secretaria de Sa\u00fade se reuniram na \u201cSala de&#8230;<\/p>\n","protected":false},"author":1,"featured_media":38283,"comment_status":"closed","ping_status":"closed","sticky":false,"template":"","format":"standard","meta":{"footnotes":""},"categories":[8,21],"tags":[],"class_list":["post-38282","post","type-post","status-publish","format-standard","has-post-thumbnail","hentry","category-destaque","category-saude"],"_links":{"self":[{"href":"https:\/\/www.corumbaonline.com.br\/news\/wp-json\/wp\/v2\/posts\/38282","targetHints":{"allow":["GET"]}}],"collection":[{"href":"https:\/\/www.corumbaonline.com.br\/news\/wp-json\/wp\/v2\/posts"}],"about":[{"href":"https:\/\/www.corumbaonline.com.br\/news\/wp-json\/wp\/v2\/types\/post"}],"author":[{"embeddable":true,"href":"https:\/\/www.corumbaonline.com.br\/news\/wp-json\/wp\/v2\/users\/1"}],"replies":[{"embeddable":true,"href":"https:\/\/www.corumbaonline.com.br\/news\/wp-json\/wp\/v2\/comments?post=38282"}],"version-history":[{"count":1,"href":"https:\/\/www.corumbaonline.com.br\/news\/wp-json\/wp\/v2\/posts\/38282\/revisions"}],"predecessor-version":[{"id":38284,"href":"https:\/\/www.corumbaonline.com.br\/news\/wp-json\/wp\/v2\/posts\/38282\/revisions\/38284"}],"wp:featuredmedia":[{"embeddable":true,"href":"https:\/\/www.corumbaonline.com.br\/news\/wp-json\/wp\/v2\/media\/38283"}],"wp:attachment":[{"href":"https:\/\/www.corumbaonline.com.br\/news\/wp-json\/wp\/v2\/media?parent=38282"}],"wp:term":[{"taxonomy":"category","embeddable":true,"href":"https:\/\/www.corumbaonline.com.br\/news\/wp-json\/wp\/v2\/categories?post=38282"},{"taxonomy":"post_tag","embeddable":true,"href":"https:\/\/www.corumbaonline.com.br\/news\/wp-json\/wp\/v2\/tags?post=38282"}],"curies":[{"name":"wp","href":"https:\/\/api.w.org\/{rel}","templated":true}]}}