{"id":38288,"date":"2020-01-09T15:41:20","date_gmt":"2020-01-09T19:41:20","guid":{"rendered":"http:\/\/www.corumbaonline.com.br\/news\/?p=38288"},"modified":"2020-01-09T15:47:08","modified_gmt":"2020-01-09T19:47:08","slug":"projeto-integrado-de-logistica-com-base-no-porto-de-ladario-sera-desenvolvido-em-parceria-com-a-sudeco","status":"publish","type":"post","link":"https:\/\/www.corumbaonline.com.br\/news\/projeto-integrado-de-logistica-com-base-no-porto-de-ladario-sera-desenvolvido-em-parceria-com-a-sudeco\/","title":{"rendered":"Projeto integrado de Log\u00edstica com base no porto de Lad\u00e1rio ser\u00e1 desenvolvido em parceria com a SUDECO"},"content":{"rendered":"<p>O Prefeito Iranil Soares juntamente com sua equipe de governo reuniram-se ontem (08) com o Diretor de<img loading=\"lazy\" decoding=\"async\" class=\"alignright\" src=\"http:\/\/www.ladario.ms.gov.br\/uploads\/ckeditor\/pictures\/696\/content_WhatsApp_Image_2020-01-09_at_11.28.16.jpg\" alt=\"\" width=\"395\" height=\"296\" \/> Implementa\u00e7\u00e3o de Programas e Gest\u00e3o de Fundos da Superintend\u00eancia de Desenvolvimento do Centro-Oeste (SUDECO), para tratar de parcerias que j\u00e1 est\u00e3o acontecendo no munic\u00edpio.<\/p>\n<p>\u201cLad\u00e1rio tem uma posi\u00e7\u00e3o privilegiada para log\u00edstica na beira da hidrovia, ent\u00e3o eu acho que o eixo de desenvolvimento de Lad\u00e1rio tem que partir desta base. N\u00f3s da SUDECO estamos nos comprometendo em ajudar o atual prefeito com um projeto integrado de log\u00edstica com base no porto de Lad\u00e1rio, para que a gente consiga promover emprego, renda, melhoria da qualidade de vida da popula\u00e7\u00e3o\u201d, Disse Renato Lima, Diretor de Implementa\u00e7\u00e3o de Programas e Gest\u00e3o de Fundos da SUDECO.<\/p>\n<p>Com essa parceria ser\u00e1 gerado desenvolvimento, trazendo empres\u00e1rios, investimentos, crescimento de renda per capita para o cidad\u00e3o, trazendo assim uma mudan\u00e7a na realidade da cidade e principalmente na condi\u00e7\u00e3o de vida do mun\u00edcipe, afirmou o prefeito Iranil Soares. \u201cEssa parceria trar\u00e1 o desenvolvimento que Lad\u00e1rio precisa. Empres\u00e1rios de todos os ramos ir\u00e3o olhar para nossa cidade com outros olhos, investimentos vir\u00e3o, o cidad\u00e3o ter\u00e1 mais oportunidade de emprego e tamb\u00e9m ter\u00e1 uma melhor remunera\u00e7\u00e3o, o que muda a realidade da cidade e dos mun\u00edcipes. Isso tudo n\u00e3o est\u00e1 longe de acontecer, Lad\u00e1rio passa a ter sonhos antigos realizados\u201d, disse o Prefeito.<\/p>\n<p>Estavam presentes nessa reuni\u00e3o o Secret\u00e1rio Especial de Fomento ao Desenvolvimento Econ\u00f4mico, Hedyl Benzi e o Secret\u00e1rio de Administra\u00e7\u00e3o Luciano Jara, que est\u00e3o \u00e0 frente deste projeto. Ainda na reuni\u00e3o, tamb\u00e9m estavam presentes o Secret\u00e1rio de Seguran\u00e7a P\u00fablica de Corumb\u00e1, Edson Panes e o Assessor de Comunica\u00e7\u00e3o e Imprensa Lucas Navarro.<\/p>\n","protected":false},"excerpt":{"rendered":"<p>O Prefeito Iranil Soares juntamente com sua equipe de governo reuniram-se ontem (08) com o&#8230;<\/p>\n","protected":false},"author":1,"featured_media":38289,"comment_status":"closed","ping_status":"closed","sticky":false,"template":"","format":"standard","meta":{"footnotes":""},"categories":[8,16],"tags":[],"class_list":["post-38288","post","type-post","status-publish","format-standard","has-post-thumbnail","hentry","category-destaque","category-ladario"],"_links":{"self":[{"href":"https:\/\/www.corumbaonline.com.br\/news\/wp-json\/wp\/v2\/posts\/38288","targetHints":{"allow":["GET"]}}],"collection":[{"href":"https:\/\/www.corumbaonline.com.br\/news\/wp-json\/wp\/v2\/posts"}],"about":[{"href":"https:\/\/www.corumbaonline.com.br\/news\/wp-json\/wp\/v2\/types\/post"}],"author":[{"embeddable":true,"href":"https:\/\/www.corumbaonline.com.br\/news\/wp-json\/wp\/v2\/users\/1"}],"replies":[{"embeddable":true,"href":"https:\/\/www.corumbaonline.com.br\/news\/wp-json\/wp\/v2\/comments?post=38288"}],"version-history":[{"count":2,"href":"https:\/\/www.corumbaonline.com.br\/news\/wp-json\/wp\/v2\/posts\/38288\/revisions"}],"predecessor-version":[{"id":38294,"href":"https:\/\/www.corumbaonline.com.br\/news\/wp-json\/wp\/v2\/posts\/38288\/revisions\/38294"}],"wp:featuredmedia":[{"embeddable":true,"href":"https:\/\/www.corumbaonline.com.br\/news\/wp-json\/wp\/v2\/media\/38289"}],"wp:attachment":[{"href":"https:\/\/www.corumbaonline.com.br\/news\/wp-json\/wp\/v2\/media?parent=38288"}],"wp:term":[{"taxonomy":"category","embeddable":true,"href":"https:\/\/www.corumbaonline.com.br\/news\/wp-json\/wp\/v2\/categories?post=38288"},{"taxonomy":"post_tag","embeddable":true,"href":"https:\/\/www.corumbaonline.com.br\/news\/wp-json\/wp\/v2\/tags?post=38288"}],"curies":[{"name":"wp","href":"https:\/\/api.w.org\/{rel}","templated":true}]}}