{"id":3845,"date":"2017-05-04T11:47:16","date_gmt":"2017-05-04T15:47:16","guid":{"rendered":"http:\/\/www.corumbaonline.com.br\/news\/?p=3845"},"modified":"2017-05-04T12:01:06","modified_gmt":"2017-05-04T16:01:06","slug":"analise-de-destaques-da-reforma-da-previdencia-fica-para-terca-feira","status":"publish","type":"post","link":"https:\/\/www.corumbaonline.com.br\/news\/analise-de-destaques-da-reforma-da-previdencia-fica-para-terca-feira\/","title":{"rendered":"An\u00e1lise de destaques da reforma da Previd\u00eancia fica para ter\u00e7a-feira"},"content":{"rendered":"<p>O presidente da comiss\u00e3o especial que analisa a reforma da Previd\u00eancia na c\u00e2mara, deputado Carlos Marun (PMDB-MS), disse hoje (4) que retomar\u00e1 os trabalhos da comiss\u00e3o na pr\u00f3xima ter\u00e7a-feira (9). Segundo Marun, todos os destaques devem ser votados na pr\u00f3pria ter\u00e7a. A comiss\u00e3o ainda precisa avaliar dez dos 13 destaques apresentados pelas bancadas.<\/p>\n<p>Ontem (3), a comiss\u00e3o <a href=\"http:\/\/agenciabrasil.ebc.com.br\/politica\/noticia\/2017-05\/comissao-especial-aprova-relatorio-da-reforma-da-previdencia\" target=\"_blank\" rel=\"noopener noreferrer\">aprovou o texto-base da reforma<\/a> e, em seguida, come\u00e7ou a analisar os destaques da proposta. No entanto, o plen\u00e1rio foi <a href=\"http:\/\/agenciabrasil.ebc.com.br\/politica\/noticia\/2017-05\/agentes-penitenciarios-invadem-sessao-da-comissao-da-reforma-da-previdencia\" target=\"_blank\" rel=\"noopener noreferrer\">invadido por um grupo de agentes penintenci\u00e1rios<\/a> e a sess\u00e3o foi encerrada. Os agentes queriam que a categoria fosse inclu\u00edda no grupo de aposentadoria especial para policiais, com limite de idade reduzido para 55 anos. Os membros da comiss\u00e3o, no entanto, retiraram\u00a0 essa possibilidade.<\/p>\n<p>Os agentes pleiteiam o direito de acesso ao benef\u00edcio da aposentadoria com limite de idade reduzido assim como foi feito com os policiais federais e, posteriormente, com policiais legislativos que trabalham no Congresso Nacional.<\/p>\n<p>Para Marun, a reivindica\u00e7\u00e3o \u00e9 justa, dado o alto grau de risco a que est\u00e3o submetidos os agentes penitenci\u00e1rios em sua rotina de trabalho. Mas, a forma como foi feito o pedido foi determinante para a exclus\u00e3o dos agentes da reforma.<\/p>\n<p>\u201cOntem houve um debate que, estava sendo passada \u00e0 sociedade uma mensagem de que o quebra-quebra promovido no Minist\u00e9rio da Justi\u00e7a teria sido determinante para a inclus\u00e3o dos agentes. Ent\u00e3o, a mensagem que passamos \u00e9: na marra n\u00e3o vai. N\u00e3o \u00e9 poss\u00edvel. A liberdade do voto do parlamentar \u00e9 condi\u00e7\u00e3o imprescind\u00edvel para a pr\u00f3pria exist\u00eancia do Estado de Direito e da democracia\u201d, afirmou.<\/p>\n<p>Marun disse ainda que acha poss\u00edvel que o pleito seja atendido por emenda no plen\u00e1rio. \u201cSe as coisas se acalmarem, at\u00e9 porque acho o pleito justo, eu vejo caminho para que isso possa, no plen\u00e1rio, ter um resultado favor\u00e1vel. Mas\u00a0 repito: na marra n\u00e3o vai\u201d, ressaltou.<\/p>\n<p>Sobre a seguran\u00e7a do Congresso, Marun afirmou que o esquema deve ser avaliado e que os trabalhos da comiss\u00e3o teriam sido conclu\u00eddos se o esquema tivesse realmente funcionado.<\/p>\n","protected":false},"excerpt":{"rendered":"<p>O presidente da comiss\u00e3o especial que analisa a reforma da Previd\u00eancia na c\u00e2mara, deputado Carlos&#8230;<\/p>\n","protected":false},"author":1,"featured_media":0,"comment_status":"closed","ping_status":"closed","sticky":false,"template":"","format":"standard","meta":{"footnotes":""},"categories":[19],"tags":[],"class_list":["post-3845","post","type-post","status-publish","format-standard","hentry","category-politica"],"_links":{"self":[{"href":"https:\/\/www.corumbaonline.com.br\/news\/wp-json\/wp\/v2\/posts\/3845","targetHints":{"allow":["GET"]}}],"collection":[{"href":"https:\/\/www.corumbaonline.com.br\/news\/wp-json\/wp\/v2\/posts"}],"about":[{"href":"https:\/\/www.corumbaonline.com.br\/news\/wp-json\/wp\/v2\/types\/post"}],"author":[{"embeddable":true,"href":"https:\/\/www.corumbaonline.com.br\/news\/wp-json\/wp\/v2\/users\/1"}],"replies":[{"embeddable":true,"href":"https:\/\/www.corumbaonline.com.br\/news\/wp-json\/wp\/v2\/comments?post=3845"}],"version-history":[{"count":1,"href":"https:\/\/www.corumbaonline.com.br\/news\/wp-json\/wp\/v2\/posts\/3845\/revisions"}],"predecessor-version":[{"id":3846,"href":"https:\/\/www.corumbaonline.com.br\/news\/wp-json\/wp\/v2\/posts\/3845\/revisions\/3846"}],"wp:attachment":[{"href":"https:\/\/www.corumbaonline.com.br\/news\/wp-json\/wp\/v2\/media?parent=3845"}],"wp:term":[{"taxonomy":"category","embeddable":true,"href":"https:\/\/www.corumbaonline.com.br\/news\/wp-json\/wp\/v2\/categories?post=3845"},{"taxonomy":"post_tag","embeddable":true,"href":"https:\/\/www.corumbaonline.com.br\/news\/wp-json\/wp\/v2\/tags?post=3845"}],"curies":[{"name":"wp","href":"https:\/\/api.w.org\/{rel}","templated":true}]}}