{"id":38859,"date":"2020-02-11T08:37:30","date_gmt":"2020-02-11T12:37:30","guid":{"rendered":"http:\/\/www.corumbaonline.com.br\/news\/?p=38859"},"modified":"2020-02-11T07:22:17","modified_gmt":"2020-02-11T11:22:17","slug":"retomada-do-festival-internacional-de-pesca-fortalece-turismo-local","status":"publish","type":"post","link":"https:\/\/www.corumbaonline.com.br\/news\/retomada-do-festival-internacional-de-pesca-fortalece-turismo-local\/","title":{"rendered":"Retomada do Festival Internacional de Pesca fortalece turismo local"},"content":{"rendered":"<p>O Festival Internacional de Pesca de Corumb\u00e1, marcado para acontecer no in\u00edcio de abril, tem na sua retomada um marco para o setor de tur\u00edstico do munic\u00edpio. A avalia\u00e7\u00e3o \u00e9 da empres\u00e1ria de Turismo, Joice Santana.<span id=\"more-66571\"><\/span><\/p>\n<p>\u201c\u00c9 muito importante, para n\u00f3s \u00e9 uma retomada. J\u00e1 tivemos um campeonato grande, por tantos anos e diversas edi\u00e7\u00f5es, mas que deixou de acontecer. Agora vem com uma vis\u00e3o mais ecol\u00f3gica e s\u00e9ria. Vai ser uma retomada de grandes festivais que vir\u00e3o por ai\u201d, disse Joice durante reuni\u00e3o de um grupo de empres\u00e1rios com o prefeito Marcelo Iunes na manh\u00e3 desta segunda-feira, 10 de fevereiro. O presidente da Associa\u00e7\u00e3o Corumbaense das Empresas Regionais de Turismo (ACERT), Luiz Martins, tamb\u00e9m participou do encontro.\u00a0\u201cCorumb\u00e1, a capital da pesca esportiva e maior estrutura de pesca da Am\u00e9rica do Sul, n\u00e3o podia deixar fazer um festival de pesca esportiva. Realmente, aqui \u00e9 o lugar para se fazer um festival desse porte e desse n\u00edvel\u201d, completou a empres\u00e1ria.<\/p>\n<p>Ser\u00e3o tr\u00eas dias de evento em que est\u00e3o asseguradas a realiza\u00e7\u00e3o do Festival Infantil de Pesca e o Torneio de Pesca Esportiva, al\u00e9m de uma agenda cultural e desportiva. V\u00e1rios parceiros j\u00e1 garantiram apoio ao Festival Internacional, como o Governo do Estado e a Associa\u00e7\u00e3o de Pesca Esportiva do Pantanal (APEP).<\/p>\n<p>Diretora-presidente da Funda\u00e7\u00e3o de Meio Ambiente do Pantanal, Ana Cl\u00e1udia Boabaid, destacou que o evento conta com envolvimento direto da todas as Funda\u00e7\u00f5es. O que foi primordial \u201cpara que pud\u00e9ssemos desenvolver, novamente, o Festival de Pesca em Corumb\u00e1\u201d, salientou. Por sua vez, a diretora-presidente da Funda\u00e7\u00e3o do Turismo do Pantanal, Elis\u00e2ngela Sienna da Costa Oliva, refor\u00e7ou que o Festival \u00e9 \u201cmuito importante para o turismo\u201d e que os empres\u00e1rios \u201cest\u00e3o abra\u00e7ando a causa\u201d, disse. \u201cQueremos o apoio deles e a participa\u00e7\u00e3o no evento\u201d, completou.<\/p>\n<p>O prefeito Marcelo Iunes destacou que a retomada do Festival de Pesca vai fomentar e fortalecer, ainda mais, o turismo da cidade, al\u00e9m de promover gera\u00e7\u00e3o de renda e emprego durante sua realiza\u00e7\u00e3o. Iunes ressaltou que o Munic\u00edpio executa continuas a\u00e7\u00f5es para qualificar e desenvolver, cada vez mais, o setor. Uma delas foi a elabora\u00e7\u00e3o do Plano Municipal de Turismo, que vai se configurar num instrumento norteador do desenvolvimento da atividade tur\u00edstica.<\/p>\n","protected":false},"excerpt":{"rendered":"<p>O Festival Internacional de Pesca de Corumb\u00e1, marcado para acontecer no in\u00edcio de abril, tem&#8230;<\/p>\n","protected":false},"author":1,"featured_media":38860,"comment_status":"closed","ping_status":"closed","sticky":false,"template":"","format":"standard","meta":{"footnotes":""},"categories":[8,23],"tags":[],"class_list":["post-38859","post","type-post","status-publish","format-standard","has-post-thumbnail","hentry","category-destaque","category-turismo"],"_links":{"self":[{"href":"https:\/\/www.corumbaonline.com.br\/news\/wp-json\/wp\/v2\/posts\/38859","targetHints":{"allow":["GET"]}}],"collection":[{"href":"https:\/\/www.corumbaonline.com.br\/news\/wp-json\/wp\/v2\/posts"}],"about":[{"href":"https:\/\/www.corumbaonline.com.br\/news\/wp-json\/wp\/v2\/types\/post"}],"author":[{"embeddable":true,"href":"https:\/\/www.corumbaonline.com.br\/news\/wp-json\/wp\/v2\/users\/1"}],"replies":[{"embeddable":true,"href":"https:\/\/www.corumbaonline.com.br\/news\/wp-json\/wp\/v2\/comments?post=38859"}],"version-history":[{"count":1,"href":"https:\/\/www.corumbaonline.com.br\/news\/wp-json\/wp\/v2\/posts\/38859\/revisions"}],"predecessor-version":[{"id":38861,"href":"https:\/\/www.corumbaonline.com.br\/news\/wp-json\/wp\/v2\/posts\/38859\/revisions\/38861"}],"wp:featuredmedia":[{"embeddable":true,"href":"https:\/\/www.corumbaonline.com.br\/news\/wp-json\/wp\/v2\/media\/38860"}],"wp:attachment":[{"href":"https:\/\/www.corumbaonline.com.br\/news\/wp-json\/wp\/v2\/media?parent=38859"}],"wp:term":[{"taxonomy":"category","embeddable":true,"href":"https:\/\/www.corumbaonline.com.br\/news\/wp-json\/wp\/v2\/categories?post=38859"},{"taxonomy":"post_tag","embeddable":true,"href":"https:\/\/www.corumbaonline.com.br\/news\/wp-json\/wp\/v2\/tags?post=38859"}],"curies":[{"name":"wp","href":"https:\/\/api.w.org\/{rel}","templated":true}]}}