{"id":39191,"date":"2020-02-20T08:19:28","date_gmt":"2020-02-20T12:19:28","guid":{"rendered":"http:\/\/www.corumbaonline.com.br\/news\/?p=39191"},"modified":"2020-02-20T08:19:37","modified_gmt":"2020-02-20T12:19:37","slug":"exercito-tambem-dara-suporte-ao-festival-internacional-de-pesca-de-corumba","status":"publish","type":"post","link":"https:\/\/www.corumbaonline.com.br\/news\/exercito-tambem-dara-suporte-ao-festival-internacional-de-pesca-de-corumba\/","title":{"rendered":"Ex\u00e9rcito tamb\u00e9m dar\u00e1 suporte ao Festival Internacional de Pesca de Corumb\u00e1"},"content":{"rendered":"<p>O Ex\u00e9rcito Brasileiro, por meio da 18\u00aa Brigada de Infantaria de Fronteira, tamb\u00e9m dar\u00e1 suporte ao Festival Internacional de Pesca de Corumb\u00e1. O evento acontece no in\u00edcio de abril e \u00e9 organizado pela Prefeitura de Corumb\u00e1.<span id=\"more-67260\"><\/span><\/p>\n<p>Nessa quarta-feira, 19 de fevereiro, o prefeito Marcelo Iunes se reuniu com o comandante da 18\u00aa Brigada de Infantaria de Fronteira, general-de-brigada Ronaldo Morais Brancalione, e solicitou o apoio da corpora\u00e7\u00e3o durante a festa.<\/p>\n<p>A diretora-presidente da Funda\u00e7\u00e3o de Meio Ambiente do Pantanal, Ana Cl\u00e1udia Boabaid, e o chefe de gabinete, Elbio Mendon\u00e7a, tamb\u00e9m participaram da agenda. \u201cPrecisamos da ajuda do Ex\u00e9rcito, tanto quanto da Marinha\u201d, observou Ana Cl\u00e1udia.<\/p>\n<p>O prefeito Marcelo Iunes destacou a import\u00e2ncia do evento para a cidade e a participa\u00e7\u00e3o das crian\u00e7as durante a Pesca Infantil. \u201c\u00c9 um evento grande, que vai gerar entretenimento para nossa popula\u00e7\u00e3o e ainda atrair turistas, gerando renda e movimentando nossa economia\u201d, afirmou.<\/p>\n<p>O comandante da 18\u00aa Brigada de Infantaria se colocou \u00e0 disposi\u00e7\u00e3o para ajudar onde for necess\u00e1rio e tamb\u00e9m ressaltou a import\u00e2ncia do Festival Internacional de Pesca para promover o potencial tur\u00edstico da regi\u00e3o e ainda promover a preserva\u00e7\u00e3o do meio ambiente.<\/p>\n<p>Ser\u00e3o tr\u00eas dias de evento em que est\u00e3o asseguradas a realiza\u00e7\u00e3o do Festival Infantil de Pesca e o Torneio de Pesca Esportiva, al\u00e9m de uma agenda cultural e desportiva. V\u00e1rios parceiros j\u00e1 garantiram apoio ao Festival Internacional, como o Governo do Estado e a Associa\u00e7\u00e3o de Pesca Esportiva do Pantanal (APEP).<\/p>\n<div class=\"yuzo_related_post style-3\" data-version=\"5.12.73\">\n<div class=\"yuzo_clearfixed yuzo__title\">\n<h3><\/h3>\n<\/div>\n<\/div>\n","protected":false},"excerpt":{"rendered":"<p>O Ex\u00e9rcito Brasileiro, por meio da 18\u00aa Brigada de Infantaria de Fronteira, tamb\u00e9m dar\u00e1 suporte&#8230;<\/p>\n","protected":false},"author":1,"featured_media":0,"comment_status":"closed","ping_status":"closed","sticky":false,"template":"","format":"standard","meta":{"footnotes":""},"categories":[23],"tags":[],"class_list":["post-39191","post","type-post","status-publish","format-standard","hentry","category-turismo"],"_links":{"self":[{"href":"https:\/\/www.corumbaonline.com.br\/news\/wp-json\/wp\/v2\/posts\/39191","targetHints":{"allow":["GET"]}}],"collection":[{"href":"https:\/\/www.corumbaonline.com.br\/news\/wp-json\/wp\/v2\/posts"}],"about":[{"href":"https:\/\/www.corumbaonline.com.br\/news\/wp-json\/wp\/v2\/types\/post"}],"author":[{"embeddable":true,"href":"https:\/\/www.corumbaonline.com.br\/news\/wp-json\/wp\/v2\/users\/1"}],"replies":[{"embeddable":true,"href":"https:\/\/www.corumbaonline.com.br\/news\/wp-json\/wp\/v2\/comments?post=39191"}],"version-history":[{"count":1,"href":"https:\/\/www.corumbaonline.com.br\/news\/wp-json\/wp\/v2\/posts\/39191\/revisions"}],"predecessor-version":[{"id":39192,"href":"https:\/\/www.corumbaonline.com.br\/news\/wp-json\/wp\/v2\/posts\/39191\/revisions\/39192"}],"wp:attachment":[{"href":"https:\/\/www.corumbaonline.com.br\/news\/wp-json\/wp\/v2\/media?parent=39191"}],"wp:term":[{"taxonomy":"category","embeddable":true,"href":"https:\/\/www.corumbaonline.com.br\/news\/wp-json\/wp\/v2\/categories?post=39191"},{"taxonomy":"post_tag","embeddable":true,"href":"https:\/\/www.corumbaonline.com.br\/news\/wp-json\/wp\/v2\/tags?post=39191"}],"curies":[{"name":"wp","href":"https:\/\/api.w.org\/{rel}","templated":true}]}}