{"id":39692,"date":"2020-03-16T16:10:00","date_gmt":"2020-03-16T20:10:00","guid":{"rendered":"http:\/\/www.corumbaonline.com.br\/news\/?p=39692"},"modified":"2020-03-16T17:30:14","modified_gmt":"2020-03-16T21:30:14","slug":"franca-restringe-circulacao-de-pessoas-estamos-em-guerra","status":"publish","type":"post","link":"https:\/\/www.corumbaonline.com.br\/news\/franca-restringe-circulacao-de-pessoas-estamos-em-guerra\/","title":{"rendered":"Fran\u00e7a restringe circula\u00e7\u00e3o de pessoas: &#8220;Estamos em guerra&#8221;"},"content":{"rendered":"<p>O presidente da Fran\u00e7a, Emmanuel Macron, anunciou nesta segunda-feira (16\/03) a imposi\u00e7\u00e3o de restri\u00e7\u00f5es dr\u00e1sticas na circula\u00e7\u00e3o de pessoas para tentar controlar a propaga\u00e7\u00e3o do novo coronav\u00edrus. Pelos pr\u00f3ximos 15 dias, os franceses poder\u00e3o deixar suas casas apenas para ir ao trabalho, supermercado e realizar viagens estritamente necess\u00e1rias.<\/p>\n<p>&#8220;N\u00f3s estamos em guerra, em guerra sanit\u00e1ria, n\u00e3o contra um Ex\u00e9rcito, mas o inimigo est\u00e1 l\u00e1 e requer uma mobiliza\u00e7\u00e3o geral&#8221;, afirmou Macron, durante um pronunciamento na televis\u00e3o.<\/p>\n<p class=\"text\">O presidente franc\u00eas afirmou que os &#8220;movimentos ser\u00e3o fortemente reduzidos&#8221; e apenas &#8220;os trajetos necess\u00e1rios&#8221; ser\u00e3o permitidos, com san\u00e7\u00f5es para quem n\u00e3o obedecer. Macron afirmou que a amplia\u00e7\u00e3o da restri\u00e7\u00e3o foi necess\u00e1ria pois o pedido para que o contato social seja evitado n\u00e3o est\u00e1 sendo respeitado.<\/p>\n<p class=\"text\">&#8220;As reuni\u00f5es de fam\u00edlia e amigos n\u00e3o s\u00e3o poss\u00edveis, assim como encontrar amigos no parque deixa de ser poss\u00edvel&#8221;, disse Macron. &#8220;Vimos pessoas em parques, mercados lotados, restaurantes, bares que n\u00e3o est\u00e3o seguindo as instru\u00e7\u00f5es. Voc\u00ea n\u00e3o est\u00e1 somente n\u00e3o se protegendo, mas n\u00e3o est\u00e1 protegendo os outros&#8221;, ressaltou.<\/p>\n<p class=\"text\">Macron repetiu o apelo para que os franceses permanecem em casa. Ele n\u00e3o anunciou qual ser\u00e1 a puni\u00e7\u00e3o para aqueles que n\u00e3o cumprirem as restri\u00e7\u00f5es. Al\u00e9m da medida, ele anunciou o adiamento do segundo turnos das elei\u00e7\u00f5es locais e a suspens\u00e3o da reforma da Previd\u00eancia , que levou milhares de franceses \u00e0s ruas ao longo do ano passado.<\/p>\n<p class=\"text\">Nesta segunda-feira, a Fran\u00e7a registrou ao todo 5.397 casos da covid-19 e 127 mortes. O pa\u00eds tamb\u00e9m fechar\u00e1 as fronteiras para os estrangeiros, assim como est\u00e3o fazendo diversos pa\u00edses-membros da Uni\u00e3o Europeia (UE). Apenas franceses e residentes poder\u00e3o entrar no pa\u00eds pelos pr\u00f3ximos 30 dias.<\/p>\n","protected":false},"excerpt":{"rendered":"<p>O presidente da Fran\u00e7a, Emmanuel Macron, anunciou nesta segunda-feira (16\/03) a imposi\u00e7\u00e3o de restri\u00e7\u00f5es dr\u00e1sticas&#8230;<\/p>\n","protected":false},"author":1,"featured_media":0,"comment_status":"closed","ping_status":"closed","sticky":false,"template":"","format":"standard","meta":{"footnotes":""},"categories":[15],"tags":[],"class_list":["post-39692","post","type-post","status-publish","format-standard","hentry","category-internacional"],"_links":{"self":[{"href":"https:\/\/www.corumbaonline.com.br\/news\/wp-json\/wp\/v2\/posts\/39692","targetHints":{"allow":["GET"]}}],"collection":[{"href":"https:\/\/www.corumbaonline.com.br\/news\/wp-json\/wp\/v2\/posts"}],"about":[{"href":"https:\/\/www.corumbaonline.com.br\/news\/wp-json\/wp\/v2\/types\/post"}],"author":[{"embeddable":true,"href":"https:\/\/www.corumbaonline.com.br\/news\/wp-json\/wp\/v2\/users\/1"}],"replies":[{"embeddable":true,"href":"https:\/\/www.corumbaonline.com.br\/news\/wp-json\/wp\/v2\/comments?post=39692"}],"version-history":[{"count":1,"href":"https:\/\/www.corumbaonline.com.br\/news\/wp-json\/wp\/v2\/posts\/39692\/revisions"}],"predecessor-version":[{"id":39693,"href":"https:\/\/www.corumbaonline.com.br\/news\/wp-json\/wp\/v2\/posts\/39692\/revisions\/39693"}],"wp:attachment":[{"href":"https:\/\/www.corumbaonline.com.br\/news\/wp-json\/wp\/v2\/media?parent=39692"}],"wp:term":[{"taxonomy":"category","embeddable":true,"href":"https:\/\/www.corumbaonline.com.br\/news\/wp-json\/wp\/v2\/categories?post=39692"},{"taxonomy":"post_tag","embeddable":true,"href":"https:\/\/www.corumbaonline.com.br\/news\/wp-json\/wp\/v2\/tags?post=39692"}],"curies":[{"name":"wp","href":"https:\/\/api.w.org\/{rel}","templated":true}]}}