{"id":39786,"date":"2020-03-19T13:11:49","date_gmt":"2020-03-19T17:11:49","guid":{"rendered":"http:\/\/www.corumbaonline.com.br\/news\/?p=39786"},"modified":"2020-03-19T13:12:00","modified_gmt":"2020-03-19T17:12:00","slug":"no-estado-fdcl-anuncia-que-nao-prorrogara-o-pagamento-do-simples-nacional-referente-a-fevereiro","status":"publish","type":"post","link":"https:\/\/www.corumbaonline.com.br\/news\/no-estado-fdcl-anuncia-que-nao-prorrogara-o-pagamento-do-simples-nacional-referente-a-fevereiro\/","title":{"rendered":"No Estado, FDCL anuncia que n\u00e3o prorrogar\u00e1 o pagamento do Simples Nacional referente a fevereiro"},"content":{"rendered":"<p>Embora o Comit\u00ea Gestor do Simples Nacional tenha prorrogado por seis meses o prazo para pagamento dos tributos relacionados ao Simples Nacional, A FDCL MS afirma que o pagamento da guia referente ao m\u00eas de fevereiro n\u00e3o foi prorrogado e vence amanh\u00e3 (20).<\/p>\n<p>In\u00eas Concei\u00e7\u00e3o Santigago, presidente da FDCL MS (Federa\u00e7\u00e3o da C\u00e2maras de Dirigentes Lojistas de Mato Grosso do Sul) alerta que: O &#8220;Importante se atentar ao Simples de fevereiro, ele n\u00e3o teve prazo estendido, portanto quem n\u00e3o pagar at\u00e9 o pr\u00f3ximo dia 20 de mar\u00e7o ficar\u00e1 inadimplente e dever\u00e1 arcar com juros e corre\u00e7\u00f5es&#8221;.<\/p>\n<p>A medida, que tamb\u00e9m se aplica aos MEIs, foi aprovada ontem(18), sendo parte do pacote de medidas que pretendem minimizar os impactos da Covid-19 na economia. A ideia inicial era de que o governo federal a adotasse por apenas 3 meses quando anunciada em 15 de mar\u00e7o.<\/p>\n<p>Os tributos federais apurados no Programa Gerador do Documento de Arrecada\u00e7\u00e3o do Simples Nacional \u2013 Declarat\u00f3rio (PGDAS-D) e Programa Gerador do DAS para o MEI (PGMEI) foram prorrogados da seguinte forma, de acordo com o \u00f3rg\u00e3o:<\/p>\n<ul>\n<li>A guia referente \u00e0 Mar\u00e7o 2020, com <strong>vencimento original em 20 de abril de 2020<\/strong>, fica com vencimento para <strong>20 de outubro de 2020<\/strong>;<\/li>\n<li>A guia referente \u00e0 Abril de 2020, com <strong>vencimento original em 20 de maio de 2020<\/strong>, fica com vencimento para <strong>20 de novembro de 2020<\/strong>;<\/li>\n<li>A guia referente \u00e0 Maio de 2020, com <strong>vencimento original em 22 de junho de 2020<\/strong>, fica com vencimento para <strong>21 de dezembro de 2020<\/strong>.&#8221;<\/li>\n<\/ul>\n<p>\u00a0<\/p>\n<div>\u00a0<\/div>\n\n\n<p><\/p>\n","protected":false},"excerpt":{"rendered":"<p>Embora o Comit\u00ea Gestor do Simples Nacional tenha prorrogado por seis meses o prazo para&#8230;<\/p>\n","protected":false},"author":1,"featured_media":0,"comment_status":"closed","ping_status":"closed","sticky":false,"template":"","format":"standard","meta":{"footnotes":""},"categories":[9],"tags":[],"class_list":["post-39786","post","type-post","status-publish","format-standard","hentry","category-economia"],"_links":{"self":[{"href":"https:\/\/www.corumbaonline.com.br\/news\/wp-json\/wp\/v2\/posts\/39786","targetHints":{"allow":["GET"]}}],"collection":[{"href":"https:\/\/www.corumbaonline.com.br\/news\/wp-json\/wp\/v2\/posts"}],"about":[{"href":"https:\/\/www.corumbaonline.com.br\/news\/wp-json\/wp\/v2\/types\/post"}],"author":[{"embeddable":true,"href":"https:\/\/www.corumbaonline.com.br\/news\/wp-json\/wp\/v2\/users\/1"}],"replies":[{"embeddable":true,"href":"https:\/\/www.corumbaonline.com.br\/news\/wp-json\/wp\/v2\/comments?post=39786"}],"version-history":[{"count":1,"href":"https:\/\/www.corumbaonline.com.br\/news\/wp-json\/wp\/v2\/posts\/39786\/revisions"}],"predecessor-version":[{"id":39794,"href":"https:\/\/www.corumbaonline.com.br\/news\/wp-json\/wp\/v2\/posts\/39786\/revisions\/39794"}],"wp:attachment":[{"href":"https:\/\/www.corumbaonline.com.br\/news\/wp-json\/wp\/v2\/media?parent=39786"}],"wp:term":[{"taxonomy":"category","embeddable":true,"href":"https:\/\/www.corumbaonline.com.br\/news\/wp-json\/wp\/v2\/categories?post=39786"},{"taxonomy":"post_tag","embeddable":true,"href":"https:\/\/www.corumbaonline.com.br\/news\/wp-json\/wp\/v2\/tags?post=39786"}],"curies":[{"name":"wp","href":"https:\/\/api.w.org\/{rel}","templated":true}]}}