{"id":39815,"date":"2020-03-20T09:19:00","date_gmt":"2020-03-20T13:19:00","guid":{"rendered":"http:\/\/www.corumbaonline.com.br\/news\/?p=39815"},"modified":"2020-03-20T09:42:58","modified_gmt":"2020-03-20T13:42:58","slug":"prefeitura-pede-que-corumbaenses-cumpram-as-recomendacoes-e-evitem-circulacao","status":"publish","type":"post","link":"https:\/\/www.corumbaonline.com.br\/news\/prefeitura-pede-que-corumbaenses-cumpram-as-recomendacoes-e-evitem-circulacao\/","title":{"rendered":"Prefeitura pede que Corumbaenses cumpram as recomenda\u00e7\u00f5es e evitem circula\u00e7\u00e3o"},"content":{"rendered":"<p>Diariamente aumenta o n\u00famero de casos conformados do\u00a0Novo Coronav\u00edrus\u00a0no Brasil e no nosso Estado. No momento Corumb\u00e1 n\u00e3o possui casoconfirmado, mas\u00a0visando a prote\u00e7\u00e3o da popula\u00e7\u00e3o frente a dissemina\u00e7\u00e3o,\u00a0a Prefeitura publicou o\u00a0decreto n\u00b02.263\u00a0que prev\u00ea uma s\u00e9rie de medidas,\u00a0recomendadas pelo Minist\u00e9rio da Sa\u00fade,\u00a0para evitar a propaga\u00e7\u00e3o local.<\/p>\n<p>Dentre elas a\u00a0suspens\u00e3o\u00a0eventos,\u00a0das aulas da rede\u00a0de rede municipal, o que fez com que\u00a0escolas particulares tamb\u00e9m aderissem a paralisa\u00e7\u00e3o.<\/p>\n<p>Todas as pessoas\u00a0que retornar do exterior,\u00a0ou de \u00e1reas de transmiss\u00e3o coment\u00e1ria, como Rio e S\u00e3o Paulo,\u00a0dever\u00e3o\u00a0permanecer em isolamento domiciliar por 7 (sete) dias, mesmo que n\u00e3o apresente qualquer sintoma relacionado ao COVID-19.<\/p>\n<p>Como medidas individuais\u00a0foi\u00a0recomendado\u00a0que pacientes com sintomas respirat\u00f3rios\u00a0como coriza e que\u00a0n\u00e3o\u00a0implique em falta de ar, procure as unidades de sa\u00fade da fam\u00edlia\u00a0para o seu atendimento e\u00a0fiquem restritos ao domic\u00edlio, pessoas idosas e\u00a0portadores de\u00a0doen\u00e7as cr\u00f4nicas evitem\u00a0a\u00a0circula\u00e7\u00e3o em ambientes com aglomera\u00e7\u00e3o de pessoas.<\/p>\n<p>O Secret\u00e1rio de Sa\u00fade, Rog\u00e9rio Leite explica \u201ca qualquer momento podemos ter um caso suspeito em Corumb\u00e1, por isso a administra\u00e7\u00e3o municipal j\u00e1 tomou\u00a0in\u00fameras\u00a0medidas,\u00a0estamos seguindo a orienta\u00e7\u00e3o da OMS,\u00a0pesquisas mostram que o isolamento domiciliar \u00e9 a melhor forma de evitar a propaga\u00e7\u00e3o\u201d.<\/p>\n<p>O Prefeito de Corumb\u00e1,\u00a0Marcelo Iunes,\u00a0pede que a popula\u00e7\u00e3o tenha calma,\u00a0\u201cn\u00e3o h\u00e1 motivo para p\u00e2nico,\u00a0\u00e9 um momento de\u00a0cautela e preven\u00e7\u00e3o. Adotamos medidas que poder\u00e3o ser revistas a qualquer momento,\u00a0a coopera\u00e7\u00e3o da popula\u00e7\u00e3o \u00e9 fundamental, temos que nos reguardar e permanecer em casa\u00a0sempre que poss\u00edvel, nosso objetivo \u00e9 proteger a sa\u00fade de todos\u201d.<\/p>\n","protected":false},"excerpt":{"rendered":"<p>Diariamente aumenta o n\u00famero de casos conformados do\u00a0Novo Coronav\u00edrus\u00a0no Brasil e no nosso Estado. No&#8230;<\/p>\n","protected":false},"author":1,"featured_media":0,"comment_status":"closed","ping_status":"closed","sticky":false,"template":"","format":"standard","meta":{"footnotes":""},"categories":[21],"tags":[],"class_list":["post-39815","post","type-post","status-publish","format-standard","hentry","category-saude"],"_links":{"self":[{"href":"https:\/\/www.corumbaonline.com.br\/news\/wp-json\/wp\/v2\/posts\/39815","targetHints":{"allow":["GET"]}}],"collection":[{"href":"https:\/\/www.corumbaonline.com.br\/news\/wp-json\/wp\/v2\/posts"}],"about":[{"href":"https:\/\/www.corumbaonline.com.br\/news\/wp-json\/wp\/v2\/types\/post"}],"author":[{"embeddable":true,"href":"https:\/\/www.corumbaonline.com.br\/news\/wp-json\/wp\/v2\/users\/1"}],"replies":[{"embeddable":true,"href":"https:\/\/www.corumbaonline.com.br\/news\/wp-json\/wp\/v2\/comments?post=39815"}],"version-history":[{"count":1,"href":"https:\/\/www.corumbaonline.com.br\/news\/wp-json\/wp\/v2\/posts\/39815\/revisions"}],"predecessor-version":[{"id":39816,"href":"https:\/\/www.corumbaonline.com.br\/news\/wp-json\/wp\/v2\/posts\/39815\/revisions\/39816"}],"wp:attachment":[{"href":"https:\/\/www.corumbaonline.com.br\/news\/wp-json\/wp\/v2\/media?parent=39815"}],"wp:term":[{"taxonomy":"category","embeddable":true,"href":"https:\/\/www.corumbaonline.com.br\/news\/wp-json\/wp\/v2\/categories?post=39815"},{"taxonomy":"post_tag","embeddable":true,"href":"https:\/\/www.corumbaonline.com.br\/news\/wp-json\/wp\/v2\/tags?post=39815"}],"curies":[{"name":"wp","href":"https:\/\/api.w.org\/{rel}","templated":true}]}}