{"id":39823,"date":"2020-03-20T10:42:00","date_gmt":"2020-03-20T14:42:00","guid":{"rendered":"http:\/\/www.corumbaonline.com.br\/news\/?p=39823"},"modified":"2020-03-20T12:25:35","modified_gmt":"2020-03-20T16:25:35","slug":"novo-coronavirus-ja-comeca-a-afetar-industria-frigorifica-de-ms-informa-sicadems","status":"publish","type":"post","link":"https:\/\/www.corumbaonline.com.br\/news\/novo-coronavirus-ja-comeca-a-afetar-industria-frigorifica-de-ms-informa-sicadems\/","title":{"rendered":"Novo coronav\u00edrus j\u00e1 come\u00e7a a afetar ind\u00fastria frigor\u00edfica de MS, informa Sicadems"},"content":{"rendered":"<p class=\"x_MsoNormal\">A pandemia do novo coronav\u00edrus (Covid-19) j\u00e1 est\u00e1 afetando as plantas frigor\u00edficas de Mato Grosso do Sul, de acordo com o Sicadems (Sindicato das Ind\u00fastrias de Frios, Carnes e Derivados de Mato Grosso do Sul). O presidente da entidade, S\u00e9rgio Capucci, explica que a doen\u00e7a colocou em alerta os frigor\u00edficos sul-mato-grossenses, provocando a redu\u00e7\u00e3o das exporta\u00e7\u00f5es para os grandes mercados mundiais e a diminui\u00e7\u00e3o no quadro de funcion\u00e1rios.<\/p>\n<p class=\"x_MsoNormal\">\n<p class=\"x_MsoNormal\">Segundo o empres\u00e1rio, o segmento est\u00e1 tomado medidas para se prevenir contra a prolifera\u00e7\u00e3o do novo coronav\u00edrus e algumas plantas j\u00e1 estudam a concess\u00e3o de f\u00e9rias coletivas, como \u00e9 o caso da unidade do JBS em Nova Andradina (MS), enquanto outras reduziram o efetivo de colaboradores que se encaixam no grupo de risco da doen\u00e7a. \u201cAs medidas rotineiras de higieniza\u00e7\u00e3o foram redobradas para evitar a contamina\u00e7\u00e3o dos nossos funcion\u00e1rios, evitando uma redu\u00e7\u00e3o ainda maior no quadro de trabalhadores\u201d, refor\u00e7ou<\/p>\n<p class=\"x_MsoNormal\">\n<p class=\"x_MsoNormal\">Na unidade do Frigor\u00edfico Naturafrig, localizada em Rochedo (MS), 100 dos 750 funcion\u00e1rios, ou seja, 14% est\u00e3o afastados, incluindo os que est\u00e3o acima de 60 anos de idade e as m\u00e3es que n\u00e3o t\u00eam onde deixar os filhos devido \u00e0 suspens\u00e3o das aulas nas redes p\u00fablicas e privadas. \u201cOutra medida adotada \u00e9 a aferi\u00e7\u00e3o de temperatura corporal dos funcion\u00e1rios na entrada do frigor\u00edfico. Aqueles que n\u00e3o est\u00e3o em condi\u00e7\u00f5es de trabalhar, j\u00e1 s\u00e3o liberados para ir para casa\u201d, disse o presidente do Sicadems, que tamb\u00e9m \u00e9 s\u00f3cio-propriet\u00e1rio do Naturafrig.<\/p>\n<p class=\"x_MsoNormal\">\n<p class=\"x_MsoNormal\">Ainda de acordo com ele, a situa\u00e7\u00e3o \u00e9 preocupante para a ind\u00fastria frigor\u00edfica sul-mato-grossense. \u201cA carne \u00e9 um produto perec\u00edvel. Estamos apreensivos, adotando uma s\u00e9rie de cuidados, mas podemos enfrentar problemas com log\u00edstica, se faltar embalagens ou etiquetas, por exemplo, vai comprometer o funcionamento dos frigor\u00edficos e teremos que parar as atividades\u201d, alertou, lembrando que hoje o segmento conta com 110 plantas respons\u00e1veis por 27.213 mil trabalhadores com carteira assinada no Estado.<\/p>\n","protected":false},"excerpt":{"rendered":"<p>A pandemia do novo coronav\u00edrus (Covid-19) j\u00e1 est\u00e1 afetando as plantas frigor\u00edficas de Mato Grosso&#8230;<\/p>\n","protected":false},"author":1,"featured_media":0,"comment_status":"closed","ping_status":"closed","sticky":false,"template":"","format":"standard","meta":{"footnotes":""},"categories":[9,21],"tags":[],"class_list":["post-39823","post","type-post","status-publish","format-standard","hentry","category-economia","category-saude"],"_links":{"self":[{"href":"https:\/\/www.corumbaonline.com.br\/news\/wp-json\/wp\/v2\/posts\/39823","targetHints":{"allow":["GET"]}}],"collection":[{"href":"https:\/\/www.corumbaonline.com.br\/news\/wp-json\/wp\/v2\/posts"}],"about":[{"href":"https:\/\/www.corumbaonline.com.br\/news\/wp-json\/wp\/v2\/types\/post"}],"author":[{"embeddable":true,"href":"https:\/\/www.corumbaonline.com.br\/news\/wp-json\/wp\/v2\/users\/1"}],"replies":[{"embeddable":true,"href":"https:\/\/www.corumbaonline.com.br\/news\/wp-json\/wp\/v2\/comments?post=39823"}],"version-history":[{"count":1,"href":"https:\/\/www.corumbaonline.com.br\/news\/wp-json\/wp\/v2\/posts\/39823\/revisions"}],"predecessor-version":[{"id":39825,"href":"https:\/\/www.corumbaonline.com.br\/news\/wp-json\/wp\/v2\/posts\/39823\/revisions\/39825"}],"wp:attachment":[{"href":"https:\/\/www.corumbaonline.com.br\/news\/wp-json\/wp\/v2\/media?parent=39823"}],"wp:term":[{"taxonomy":"category","embeddable":true,"href":"https:\/\/www.corumbaonline.com.br\/news\/wp-json\/wp\/v2\/categories?post=39823"},{"taxonomy":"post_tag","embeddable":true,"href":"https:\/\/www.corumbaonline.com.br\/news\/wp-json\/wp\/v2\/tags?post=39823"}],"curies":[{"name":"wp","href":"https:\/\/api.w.org\/{rel}","templated":true}]}}