{"id":40228,"date":"2020-04-03T15:38:00","date_gmt":"2020-04-03T19:38:00","guid":{"rendered":"http:\/\/www.corumbaonline.com.br\/news\/?p=40228"},"modified":"2020-04-13T22:48:43","modified_gmt":"2020-04-14T02:48:43","slug":"vereadores-pedem-ao-executivo-instituicao-do-plano-de-cargos-e-carreira-dos-psicologos","status":"publish","type":"post","link":"https:\/\/www.corumbaonline.com.br\/news\/vereadores-pedem-ao-executivo-instituicao-do-plano-de-cargos-e-carreira-dos-psicologos\/","title":{"rendered":"Vereadores pedem ao Executivo, institui\u00e7\u00e3o do Plano de Cargos e Carreira dos Psic\u00f3logos"},"content":{"rendered":"<p>A institui\u00e7\u00e3o do Plano de Cargos e Carreira dos profissionais efetivos da psicologia na Prefeitura de Corumb\u00e1 \u00e9 o que desejam os vereadores corumbaenses que, durante sess\u00e3o da C\u00e2mara Municipal, assinaram um requerimento nesse sentido, que est\u00e1 sendo encaminhado ao prefeito Marcelo Iunes.<\/p>\n<p>A solicita\u00e7\u00e3o foi feita por meio de um requerimento de emerg\u00eancia proposto pelo vereador Tadeu Vieira e assinado pelos vereadores Roberto Fa\u00e7anha, presidente do Legislativo; Jos\u00e9 Manoel Rodrigues, 2\u00ba Secret\u00e1rio; Jo\u00e3o Mario Esteves Lima; Haroldo Cavassa; Mohamad Abdallah; Luciano Costa; Yussef Salla; Chic\u00e3o Vianna, e Bira.<\/p>\n<p>No documento, os vereadores solicitaram \u00e0 Prefeitura, o envio \u00e0 Casa de Leis, a mensagem com o Projeto de Lei que institui o Plano, documento que j\u00e1 foi debatido com uma comiss\u00e3o formada por profissionais da \u00e1rea, servidores da Prefeitura de Corumb\u00e1.<\/p>\n<p>O assunto foi bastante debatido na sess\u00e3o. Tadeu lembrou que se trata de profissionais de uma categoria presente nas mais diferentes \u00e1reas do Munic\u00edpio &#8220;que sempre teve o meu maior respeito&#8221;. O vereador Haroldo Cavassa a utilizou a tribuna para falar sobre a import\u00e2ncia de se organizar a carreira dos psic\u00f3logos, com a participa\u00e7\u00e3o inclusive de Silvia S. Ara\u00fajo Freire, uma das integrantes da comiss\u00e3o, que pediu apoio dos vereadores no sentido de fazer com que o Poder Executivo encaminhe o Projeto de Lei, visando sua aprova\u00e7\u00e3o.<\/p>\n<p>\u201cEsper\u00e1vamos que a mensagem e o Projeto de Lei que institui o nosso plano, fosse encaminhado junto com as mensagens que altera a tabela salarial de cargos dos servidores efetivos e que disp\u00f5e sobre a organiza\u00e7\u00e3o do plano dos profissionais de odontologia, o que n\u00e3o ocorreu. Foi uma surpresa para a categoria\u201d, afirmou Silvia.<\/p>\n<p>Engenheiros e arquitetos<\/p>\n<p>Tamb\u00e9m na \u00faltima sess\u00e3o do Legislativo, o vereador Luciano Costa apresentou um requerimento visando envio de expediente ao prefeito Marcelo Iunes, e ao secret\u00e1rio de Finan\u00e7as e Gest\u00e3o, Luiz Henrique Maia de Paula, solicitando a realiza\u00e7\u00e3o de estudos de viabilidade or\u00e7ament\u00e1ria, visando a institui\u00e7\u00e3o dentro do quadro permanente da Prefeitura, do Plano de Cargos e Carreira dos engenheiros e arquitetos, como j\u00e1 est\u00e1 ocorrendo com outras categorias.<\/p>\n","protected":false},"excerpt":{"rendered":"<p>A institui\u00e7\u00e3o do Plano de Cargos e Carreira dos profissionais efetivos da psicologia na Prefeitura&#8230;<\/p>\n","protected":false},"author":1,"featured_media":40229,"comment_status":"closed","ping_status":"closed","sticky":false,"template":"","format":"standard","meta":{"footnotes":""},"categories":[19,21],"tags":[],"class_list":["post-40228","post","type-post","status-publish","format-standard","has-post-thumbnail","hentry","category-politica","category-saude"],"_links":{"self":[{"href":"https:\/\/www.corumbaonline.com.br\/news\/wp-json\/wp\/v2\/posts\/40228","targetHints":{"allow":["GET"]}}],"collection":[{"href":"https:\/\/www.corumbaonline.com.br\/news\/wp-json\/wp\/v2\/posts"}],"about":[{"href":"https:\/\/www.corumbaonline.com.br\/news\/wp-json\/wp\/v2\/types\/post"}],"author":[{"embeddable":true,"href":"https:\/\/www.corumbaonline.com.br\/news\/wp-json\/wp\/v2\/users\/1"}],"replies":[{"embeddable":true,"href":"https:\/\/www.corumbaonline.com.br\/news\/wp-json\/wp\/v2\/comments?post=40228"}],"version-history":[{"count":1,"href":"https:\/\/www.corumbaonline.com.br\/news\/wp-json\/wp\/v2\/posts\/40228\/revisions"}],"predecessor-version":[{"id":40230,"href":"https:\/\/www.corumbaonline.com.br\/news\/wp-json\/wp\/v2\/posts\/40228\/revisions\/40230"}],"wp:featuredmedia":[{"embeddable":true,"href":"https:\/\/www.corumbaonline.com.br\/news\/wp-json\/wp\/v2\/media\/40229"}],"wp:attachment":[{"href":"https:\/\/www.corumbaonline.com.br\/news\/wp-json\/wp\/v2\/media?parent=40228"}],"wp:term":[{"taxonomy":"category","embeddable":true,"href":"https:\/\/www.corumbaonline.com.br\/news\/wp-json\/wp\/v2\/categories?post=40228"},{"taxonomy":"post_tag","embeddable":true,"href":"https:\/\/www.corumbaonline.com.br\/news\/wp-json\/wp\/v2\/tags?post=40228"}],"curies":[{"name":"wp","href":"https:\/\/api.w.org\/{rel}","templated":true}]}}