{"id":40231,"date":"2020-04-03T17:30:00","date_gmt":"2020-04-03T21:30:00","guid":{"rendered":"http:\/\/www.corumbaonline.com.br\/news\/?p=40231"},"modified":"2020-04-13T22:48:43","modified_gmt":"2020-04-14T02:48:43","slug":"brasil-tem-pior-dia-com-60-mortes-e-ja-passa-de-9-mil-casos","status":"publish","type":"post","link":"https:\/\/www.corumbaonline.com.br\/news\/brasil-tem-pior-dia-com-60-mortes-e-ja-passa-de-9-mil-casos\/","title":{"rendered":"Brasil tem pior dia com 60 mortes e j\u00e1 passa de 9 mil casos"},"content":{"rendered":"<p>O Brasil apresentou novo recorde\u00a0no n\u00famero di\u00e1rio de mortes pelo novo coronav\u00edrus em relat\u00f3rio divulgado nesta sexta-feira pelo Minist\u00e9rio da Sa\u00fade. De acordo com o balan\u00e7o, foram mais 60\u00a0mortes nas \u00faltimas 24 horas &#8211; duas a mais que o resultado apresentado na v\u00e9spera\u00a0&#8211; e agora soma 359 \u00f3bitos desde o in\u00edcio da pandemia. O n\u00famero de novos casos confirmados tamb\u00e9m teve aumento: se na quinta foram 1.074, o relat\u00f3rio de hoje mostra mais 1.146 confirma\u00e7\u00f5es, o que faz saltar o n\u00famero no Pa\u00eds para 9.056.<\/p>\n<p>Em termos percentuais, o incremento di\u00e1rio de casos foi de 15%, enquanto o n\u00famero de \u00f3bitos avan\u00e7ou em 20%. A letalidade da doen\u00e7a no pa\u00eds \u00e9 de 4%, segundo dados do minist\u00e9rio.\u00a0Entre as mortes, 286 j\u00e1 tiveram investiga\u00e7\u00e3o conclu\u00edda, sinalizando que 85% dos \u00f3bitos foram de pessoas acima dos 60 anos e 82% de pessoas com ao menos uma comorbidade, caracter\u00edsticas que comp\u00f5em o chamado grupo de risco.<\/p>\n<p class=\"text\">Apesar da preval\u00eancia de mortes entre os idosos, 43 pessoas entre 20 anos e 59 anos morreram por causa da covid-19 no pa\u00eds. &#8220;Pessoas acima de 60 anos s\u00e3o o principal fator&#8230; Muito cuidado com o fator idade&#8221;, disse em entrevista coletiva o ministro da Sa\u00fade, Luiz Henrique Mandetta.<\/p>\n<p class=\"text\">O Estado de S\u00e3o Paulo segue sendo o mais afetado pela doen\u00e7a, com 4.048 casos confirmados e 219 \u00f3bitos. Em seguida, v\u00eam Rio de Janeiro (1.074 casos, 47 \u00f3bitos), Cear\u00e1 (627 casos, 22 \u00f3bitos), Minas Gerais (397 casos, 6 \u00f3bitos) e Distrito Federal (402 casos, 5 \u00f3bitos). A regi\u00e3o Sudeste \u00e9 a que concentra o maior n\u00famero de casos: 5.658, o equivalente a 62,5% do total.\u00a0O Distrito Federal, por\u00e9m, \u00e9 a unidade da federa\u00e7\u00e3o com maior incid\u00eancia do v\u00edrus, de 13,2 casos para cada 100 mil habitantes, enquanto S\u00e3o Paulo possui incid\u00eancia de 8,7 casos na mesma propor\u00e7\u00e3o.<\/p>\n<p class=\"text\">No mundo, a doen\u00e7a j\u00e1 passou da marca de 1 milh\u00e3o de infectados, com mais de 50 mil mortos. Uma das principais preocupa\u00e7\u00f5es das autoridades \u00e9 em rela\u00e7\u00e3o aos sistemas de sa\u00fade, que passam a ficar sobrecarregados. Nos EUA, que registaram ontem 25 mil novos casos confirmados da doen\u00e7a, o modelo estat\u00edstico que tem sido usado pela Casa Branca indica que, no pico da doen\u00e7a, um ter\u00e7o dos americanos que precisar\u00e3o de interna\u00e7\u00e3o n\u00e3o ter\u00e3o lugar nos hospitais. Com isso, os m\u00e9dicos americanos se aproximam do mesmo dilema j\u00e1 enfrentado por italianos e espanh\u00f3is: decidir quem ser\u00e1 ou n\u00e3o atendido.<\/p>\n<p class=\"text\">O Brasil, embora o pico da pandemia ainda n\u00e3o tenha sido alcan\u00e7ado, os sistemas de sa\u00fade p\u00fablico e privado j\u00e1 enfrentam sobrecarga por causa do aumento do n\u00famero de interna\u00e7\u00f5es e registram at\u00e9 38% de seus leitos ocupados por pacientes com infec\u00e7\u00e3o suspeita ou confirmada da doen\u00e7a.<\/p>\n<p class=\"text\">Para diminuir a velocidade da dissemina\u00e7\u00e3o da epidemia no pa\u00eds, o Minist\u00e9rio da Sa\u00fade orienta que a popula\u00e7ao siga medidas de isolamento social, o que tamb\u00e9m \u00e9 recomendado por especialistas e autoridades internacionais de sa\u00fade, como a Organiza\u00e7\u00e3o Mundial da Sa\u00fade (OMS). Na contram\u00e3o da pasta, o presidente Jair Bolsonaro defende flexibilizar medidas como fechamento de escolas e do com\u00e9rcio para mitigar os efeitos na economia do pa\u00eds, permitindo que jovens voltem ao trabalho.<\/p>\n<p class=\"text\">Ap\u00f3s dias contrariando publicamente as orienta\u00e7\u00f5es do ministro da Sa\u00fade, Bolsonaro exp\u00f4s na quinta-feira,2, seu\u00a0inc\u00f4modo\u00a0com o ministro. Bolsonaro disse que falta &#8220;humildade&#8221; a Mandetta e, embora tenha dito que n\u00e3o pretende dispens\u00e1-lo &#8220;no meio da guerra&#8221;, ressaltou que ningu\u00e9m \u00e9 &#8220;indemiss\u00edvel&#8221; em seu governo.<\/p>\n<p class=\"text\">As declara\u00e7\u00f5es do presidente Jair Bolsonaro n\u00e3o surpreenderam a equipe da pasta. Segundo auxiliares do ministro ouvidos pelo\u00a0Estado, a leitura \u00e9 de que o presidente tenta se afastar de responsabilidades na crise envolvendo a pandemia do coronav\u00edrus para jogar no colo de Mandetta e dos governadores os efeitos negativos na economia. A ordem interna \u00e9 n\u00e3o rebater e seguir o trabalho de combate \u00e0 covid-19, a exemplo do que tem feito o pr\u00f3prio ministro.<\/p>\n<p class=\"text\"><em>Com\u00a0informa\u00e7\u00f5es da Reuters e do Estad\u00e3o Conte\u00fado<\/em><\/p>\n","protected":false},"excerpt":{"rendered":"<p>O Brasil apresentou novo recorde\u00a0no n\u00famero di\u00e1rio de mortes pelo novo coronav\u00edrus em relat\u00f3rio divulgado&#8230;<\/p>\n","protected":false},"author":1,"featured_media":0,"comment_status":"closed","ping_status":"closed","sticky":false,"template":"","format":"standard","meta":{"footnotes":""},"categories":[21],"tags":[],"class_list":["post-40231","post","type-post","status-publish","format-standard","hentry","category-saude"],"_links":{"self":[{"href":"https:\/\/www.corumbaonline.com.br\/news\/wp-json\/wp\/v2\/posts\/40231","targetHints":{"allow":["GET"]}}],"collection":[{"href":"https:\/\/www.corumbaonline.com.br\/news\/wp-json\/wp\/v2\/posts"}],"about":[{"href":"https:\/\/www.corumbaonline.com.br\/news\/wp-json\/wp\/v2\/types\/post"}],"author":[{"embeddable":true,"href":"https:\/\/www.corumbaonline.com.br\/news\/wp-json\/wp\/v2\/users\/1"}],"replies":[{"embeddable":true,"href":"https:\/\/www.corumbaonline.com.br\/news\/wp-json\/wp\/v2\/comments?post=40231"}],"version-history":[{"count":1,"href":"https:\/\/www.corumbaonline.com.br\/news\/wp-json\/wp\/v2\/posts\/40231\/revisions"}],"predecessor-version":[{"id":40232,"href":"https:\/\/www.corumbaonline.com.br\/news\/wp-json\/wp\/v2\/posts\/40231\/revisions\/40232"}],"wp:attachment":[{"href":"https:\/\/www.corumbaonline.com.br\/news\/wp-json\/wp\/v2\/media?parent=40231"}],"wp:term":[{"taxonomy":"category","embeddable":true,"href":"https:\/\/www.corumbaonline.com.br\/news\/wp-json\/wp\/v2\/categories?post=40231"},{"taxonomy":"post_tag","embeddable":true,"href":"https:\/\/www.corumbaonline.com.br\/news\/wp-json\/wp\/v2\/tags?post=40231"}],"curies":[{"name":"wp","href":"https:\/\/api.w.org\/{rel}","templated":true}]}}