{"id":40246,"date":"2020-04-06T08:16:00","date_gmt":"2020-04-06T12:16:00","guid":{"rendered":"http:\/\/www.corumbaonline.com.br\/news\/?p=40246"},"modified":"2020-04-13T22:48:43","modified_gmt":"2020-04-14T02:48:43","slug":"ministerio-da-saude-faz-cadastro-de-profissionais-de-saude-para-combater-o-coronavirus-no-brasil","status":"publish","type":"post","link":"https:\/\/www.corumbaonline.com.br\/news\/ministerio-da-saude-faz-cadastro-de-profissionais-de-saude-para-combater-o-coronavirus-no-brasil\/","title":{"rendered":"Minist\u00e9rio da Sa\u00fade faz cadastro de profissionais de sa\u00fade para combater o coronav\u00edrus no Brasil"},"content":{"rendered":"<p>M\u00e9dicos, enfermeiros e psic\u00f3logos que tiverem interesse em trabalhar junto ao Sistema \u00danico de Sa\u00fade (SUS), no combate ao coronav\u00edrus (Covid-19), podem se inscrever no cadastro geral de profissionais do Minist\u00e9rio da Sa\u00fade. A decis\u00e3o foi publicada nesta quinta-feira, 2 de abril, com o objetivo de auxiliar gestores federais, estaduais, distritais e municipais nas a\u00e7\u00f5es de enfrentamento \u00e0 Covid-19. Esses profissionais v\u00e3o atuar em situa\u00e7\u00f5es em que o gestor de sa\u00fade esteja sem m\u00e3o de obra profissional nas unidades de sa\u00fade.<\/p>\n<p>O Ministro da Sa\u00fade, Luiz Henrique Mandetta, diz que esses profissionais devem estar dispostos a enfrentar a pandemia no Brasil.<\/p>\n<p>\u201cSe voc\u00ea entende que pode sair da sua cidade para atender em outra cidade em qualquer momento, se voc\u00ea est\u00e1 bem de sa\u00fade. Se voc\u00ea entende que est\u00e1 apto a fazer&#8230; O Minist\u00e9rio da Sa\u00fade vai saber que em um determinado lugar, um determinado momento, voc\u00ea pode fazer parte de uma for\u00e7a-tarefa, de uma for\u00e7a para pontualmente entrar em lugar, ajudar a organizar. Porque quando se come\u00e7a uma das preocupa\u00e7\u00f5es que a gente \u00e9 com os recursos humanos.\u201d<\/p>\n<p>O ministro da Sa\u00fade, Luiz Henrique Mandetta, ressalta ainda que o cadastro dos profissionais de sa\u00fade n\u00e3o \u00e9 obrigat\u00f3rio.<\/p>\n<p>\u201cSe tivermos situa\u00e7\u00e3o do gr\u00e1fico agudo e de uma cidade, como Rio de Janeiro, S\u00e3o Paulo, Bras\u00edlia o Cear\u00e1. E isso acontecer ao mesmo tempo, em v\u00e1rios lugares. Poderemos falar assim: \u2018olha, temos pessoas que podem trabalhar e que est\u00e3o em Cuiab\u00e1, Ribeir\u00e3o Preto, Bras\u00edlia\u2019. Posso deslocar para l\u00e1, posso. Como que seria essa disponibilidade. O Governo Federal est\u00e1 dizendo assim: Se for o caso eu vou, busco, ponho no avi\u00e3o levo, ponho no hotel, pago. Estou dizendo isso para quem quer. Quem quer enfrentar. E primeiro que n\u00e3o \u00e9 uma convoca\u00e7\u00e3o e n\u00e3o \u00e9 obrigat\u00f3rio\u201d.<\/p>\n<p>A medida Minist\u00e9rio da Sa\u00fade faz parte da A\u00e7\u00e3o Estrat\u00e9gica &#8220;O Brasil Conta Comigo &#8211; Profissionais da Sa\u00fade&#8221;, voltada \u00e0 capacita\u00e7\u00e3o e ao cadastramento de profissionais da \u00e1rea de sa\u00fade, para o enfrentamento \u00e0 pandemia do coronav\u00edrus. Para se cadastrar basta o profissional de sa\u00fade acessar o site https:\/\/registrarh-saude.dataprev.gov.br.<\/p>\n<p>Para mais informa\u00e7\u00f5es, acesse: saude.gov.br\/coronavirus.<\/p>\n","protected":false},"excerpt":{"rendered":"<p>M\u00e9dicos, enfermeiros e psic\u00f3logos que tiverem interesse em trabalhar junto ao Sistema \u00danico de Sa\u00fade&#8230;<\/p>\n","protected":false},"author":1,"featured_media":0,"comment_status":"closed","ping_status":"closed","sticky":false,"template":"","format":"standard","meta":{"footnotes":""},"categories":[21],"tags":[],"class_list":["post-40246","post","type-post","status-publish","format-standard","hentry","category-saude"],"_links":{"self":[{"href":"https:\/\/www.corumbaonline.com.br\/news\/wp-json\/wp\/v2\/posts\/40246","targetHints":{"allow":["GET"]}}],"collection":[{"href":"https:\/\/www.corumbaonline.com.br\/news\/wp-json\/wp\/v2\/posts"}],"about":[{"href":"https:\/\/www.corumbaonline.com.br\/news\/wp-json\/wp\/v2\/types\/post"}],"author":[{"embeddable":true,"href":"https:\/\/www.corumbaonline.com.br\/news\/wp-json\/wp\/v2\/users\/1"}],"replies":[{"embeddable":true,"href":"https:\/\/www.corumbaonline.com.br\/news\/wp-json\/wp\/v2\/comments?post=40246"}],"version-history":[{"count":1,"href":"https:\/\/www.corumbaonline.com.br\/news\/wp-json\/wp\/v2\/posts\/40246\/revisions"}],"predecessor-version":[{"id":40247,"href":"https:\/\/www.corumbaonline.com.br\/news\/wp-json\/wp\/v2\/posts\/40246\/revisions\/40247"}],"wp:attachment":[{"href":"https:\/\/www.corumbaonline.com.br\/news\/wp-json\/wp\/v2\/media?parent=40246"}],"wp:term":[{"taxonomy":"category","embeddable":true,"href":"https:\/\/www.corumbaonline.com.br\/news\/wp-json\/wp\/v2\/categories?post=40246"},{"taxonomy":"post_tag","embeddable":true,"href":"https:\/\/www.corumbaonline.com.br\/news\/wp-json\/wp\/v2\/tags?post=40246"}],"curies":[{"name":"wp","href":"https:\/\/api.w.org\/{rel}","templated":true}]}}