{"id":40257,"date":"2020-04-06T09:10:00","date_gmt":"2020-04-06T13:10:00","guid":{"rendered":"http:\/\/www.corumbaonline.com.br\/news\/?p=40257"},"modified":"2020-04-13T22:48:54","modified_gmt":"2020-04-14T02:48:54","slug":"alem-do-coronavirus-vereador-pede-cuidados-com-o-mosquito-aedes-aegypti","status":"publish","type":"post","link":"https:\/\/www.corumbaonline.com.br\/news\/alem-do-coronavirus-vereador-pede-cuidados-com-o-mosquito-aedes-aegypti\/","title":{"rendered":"Al\u00e9m do coronav\u00edrus, vereador pede cuidados com o mosquito Aedes aegypti"},"content":{"rendered":"<p>A pandemia do Covid-19 est\u00e1 sendo uma preocupa\u00e7\u00e3o geral e em Corumb\u00e1, todos os cuidados est\u00e3o sendo tomados no combate ao coronav\u00edrus. Mas, existem outras doen\u00e7as que n\u00e3o podem ser descuidados, principalmente a dengue, Chikungunya e Zika v\u00edrus, bem como a gripe H1N1 com a vacina\u00e7\u00e3o em massa do p\u00fablico alvo.<\/p>\n<p>O assunto foi levantado pelo vereador Haroldo Cavassa durante sess\u00e3o do Poder Legislativo, quando, na oportunidade, ele pediu aos secret\u00e1rios Rog\u00e9rio dos Santos Leite (Sa\u00fade). Ricardo Ametlla (Infraestrutura e Servi\u00e7os P\u00fablicos), bem como ao prefeito Marcelo Iunes, a continuidade das a\u00e7\u00f5es de combate ao mosquito Aedes aegypti, e aten\u00e7\u00e3o especial \u00e0 H1N1.<\/p>\n<p>Para o\u00a0 vereador, \u00e9 preciso que as equipes da Prefeitura intensifiquem a campanha de combate ao mosquito, com visitas domiciliares, inclusive com notifica\u00e7\u00f5es dos propriet\u00e1rios de terrenos baldios que apresentam situa\u00e7\u00f5es de riscos.<\/p>\n<p>\u201cH\u00e1 necessidade de a\u00e7\u00f5es emergenciais em nosso mun\u00edcipio, uma vez que, de acordo com o resultado do boletim epidemiol\u00f3gico da Secretaria Estadual de Sa\u00fade, Corumb\u00e1 est\u00e1 com 3.390 notifica\u00e7\u00f5es, sendo 258 casos confirmados\u201d, refor\u00e7ou, citado que v\u00e1rios bairros da cidade mostram condi\u00e7\u00f5es apropriadas para prolifera\u00e7\u00e3o do mosquito, devido inclusive ao descaso por parte da popula\u00e7\u00e3o, e tamb\u00e9m do poder p\u00fabico que \u201cn\u00e3o faz \u00a0o servi\u00e7o de conserva\u00e7\u00e3o com a frequ\u00eancia necess\u00e1ria em rela\u00e7\u00e3o \u00e0 limpeza\u201d, citou.<\/p>\n<p>Nessa mesma linha, Haroldo est\u00e1 solicitado ao Munic\u00edpio, servi\u00e7os de limpeza, ro\u00e7ada de matos e remo\u00e7\u00e3o de entulhos no quadril\u00e1tero formado pelas ruas Alan Kardec, 13 de Junho, Delamare e Rep\u00fablica da Bol\u00edvia, no Bairro Dom Bosco. Al\u00e9m de desobstruir a passagem para pedestre, vai eliminar locais que podem se tornar focos de prolifera\u00e7\u00e3o do Aedes aegypti, e a limpeza, ro\u00e7ada de matos, remo\u00e7\u00e3o de lixos e entulhos na Rua 13 de junho, entre as ruas Lad\u00e1rio e Tenente Melqu\u00edades de Jesus.<\/p>\n<p>Infraestrutura<\/p>\n<p>Haroldo solicitou ainda \u00e0 pasta de Infraestrutura, a realiza\u00e7\u00e3o de estudos t\u00e9cnicos visando substituir as atuais bocas de lobo existentes na cidade, pelos chamados \u2018bueiros inteligentes\u2019 quest\u00e3o fazendo sucesso em S\u00e3o Paulo e Minas Gerais, principalmente. O sistema consiste na instala\u00e7\u00e3o de um coletor (filtro ou peneira) de res\u00edduos s\u00f3lidos na entrada das galerias de escoamento de \u00e1gua com a instala\u00e7\u00e3o de caixa de metal, remov\u00edvel, que permite a passagem de \u00e1gua e pode ser facilmente retirada do bueiro para recolhimento do lixo que fica retido, impedindo o entupimento das galerias subterr\u00e2neas, evitando enchentes nos per\u00edodos de chuvas intensas.<\/p>\n<p>Sobre esse assunto, o vereador solicitou recupera\u00e7\u00e3o da boca de lobo localizada na Alameda Ot\u00e1vio da Costa esquina com a Alameda Salgado Filho, que se encontra com falhas na grade de prote\u00e7\u00e3o, com limpeza do local; pavimenta\u00e7\u00e3o da Rua Monte Castelo, que d\u00e1 acesso ao Hospital da CASSEMS, al\u00e9m do recapeamento asf\u00e1ltico da Rua Totico de Medeiros, entre a Albuquerque e a Alameda 17BC, no Bairro Centro Am\u00e9rica.<\/p>\n","protected":false},"excerpt":{"rendered":"<p>A pandemia do Covid-19 est\u00e1 sendo uma preocupa\u00e7\u00e3o geral e em Corumb\u00e1, todos os cuidados&#8230;<\/p>\n","protected":false},"author":1,"featured_media":40258,"comment_status":"closed","ping_status":"closed","sticky":false,"template":"","format":"standard","meta":{"footnotes":""},"categories":[19,21],"tags":[],"class_list":["post-40257","post","type-post","status-publish","format-standard","has-post-thumbnail","hentry","category-politica","category-saude"],"_links":{"self":[{"href":"https:\/\/www.corumbaonline.com.br\/news\/wp-json\/wp\/v2\/posts\/40257","targetHints":{"allow":["GET"]}}],"collection":[{"href":"https:\/\/www.corumbaonline.com.br\/news\/wp-json\/wp\/v2\/posts"}],"about":[{"href":"https:\/\/www.corumbaonline.com.br\/news\/wp-json\/wp\/v2\/types\/post"}],"author":[{"embeddable":true,"href":"https:\/\/www.corumbaonline.com.br\/news\/wp-json\/wp\/v2\/users\/1"}],"replies":[{"embeddable":true,"href":"https:\/\/www.corumbaonline.com.br\/news\/wp-json\/wp\/v2\/comments?post=40257"}],"version-history":[{"count":1,"href":"https:\/\/www.corumbaonline.com.br\/news\/wp-json\/wp\/v2\/posts\/40257\/revisions"}],"predecessor-version":[{"id":40259,"href":"https:\/\/www.corumbaonline.com.br\/news\/wp-json\/wp\/v2\/posts\/40257\/revisions\/40259"}],"wp:featuredmedia":[{"embeddable":true,"href":"https:\/\/www.corumbaonline.com.br\/news\/wp-json\/wp\/v2\/media\/40258"}],"wp:attachment":[{"href":"https:\/\/www.corumbaonline.com.br\/news\/wp-json\/wp\/v2\/media?parent=40257"}],"wp:term":[{"taxonomy":"category","embeddable":true,"href":"https:\/\/www.corumbaonline.com.br\/news\/wp-json\/wp\/v2\/categories?post=40257"},{"taxonomy":"post_tag","embeddable":true,"href":"https:\/\/www.corumbaonline.com.br\/news\/wp-json\/wp\/v2\/tags?post=40257"}],"curies":[{"name":"wp","href":"https:\/\/api.w.org\/{rel}","templated":true}]}}