{"id":40266,"date":"2020-04-06T09:57:00","date_gmt":"2020-04-06T13:57:00","guid":{"rendered":"http:\/\/www.corumbaonline.com.br\/news\/?p=40266"},"modified":"2020-04-13T22:48:54","modified_gmt":"2020-04-14T02:48:54","slug":"covid-19-detran-ms-altera-calendario-de-licenciamento-de-2020","status":"publish","type":"post","link":"https:\/\/www.corumbaonline.com.br\/news\/covid-19-detran-ms-altera-calendario-de-licenciamento-de-2020\/","title":{"rendered":"Covid-19: Detran-MS altera calend\u00e1rio de licenciamento de 2020"},"content":{"rendered":"<p>O Detran-MS (Departamento Estadual de Tr\u00e2nsito de Mato Grosso do Sul) publica nesta\u00a0segunda-feira (6) a altera\u00e7\u00e3o do calend\u00e1rio de licenciamento v\u00e1lido para 2020. As mudan\u00e7as ocorrem em fun\u00e7\u00e3o da necessidade de medidas de preven\u00e7\u00e3o e combate ao cont\u00e1gio do novo coronav\u00edrus (Covid-19) e constam na Portaria de n\u00famero 72 que estar\u00e1 no Di\u00e1rio Oficial do Estado de hoje.<\/p>\n<p>Com a suspens\u00e3o dos atendimentos presenciais no \u00f3rg\u00e3o, a Portaria 71, de 23 de mar\u00e7o, j\u00e1 trazia a altera\u00e7\u00e3o da data para os propriet\u00e1rios de ve\u00edculos com placas final 1 e 2 com a prorroga\u00e7\u00e3o para maio. As demais datas, a partir desta segunda-feira ser\u00e3o: placas final 3 e 4 para junho, 5 e 6 para julho, 7 e 8 para agosto, 9 para setembro e 0 para outubro.<\/p>\n<p>O diretor-presidente do \u00f3rg\u00e3o, Rudel Trindade, ressalta que todas as medidas est\u00e3o sendo pensadas como forma de garantir o conforto do cliente. \u201cSabemos que se trata de um momento dif\u00edcil para todos e que muitos profissionais liberais e aut\u00f4nomos foram prejudicados com a necessidade do isolamento social. Pensando nisso resolvemos prorrogar as datas, para que as pessoas tenham um f\u00f4lego maior na hora de quitar a documenta\u00e7\u00e3o de seus ve\u00edculos\u201d, explicou.<\/p>\n<p>Rudel lembra ainda que n\u00e3o \u00e9 necess\u00e1rio que o cliente saia de casa para efetuar o pagamento de seus d\u00e9bitos bastando \u00a0acessar o site do Detran-MS. \u201cNosso empenho em tornar o Detran Digital cada vez mais acess\u00edvel ao p\u00fablico vem de encontro com o momento em que vivemos, essa situa\u00e7\u00e3o de pandemia que acabou causando o distanciamento social, mas tamb\u00e9m serviu como importante ferramenta para facilitar a vida de todos e dar fim ao corre-corre em nossas ag\u00eancias\u201d, ressaltou.<\/p>\n","protected":false},"excerpt":{"rendered":"<p>O Detran-MS (Departamento Estadual de Tr\u00e2nsito de Mato Grosso do Sul) publica nesta\u00a0segunda-feira (6) a&#8230;<\/p>\n","protected":false},"author":1,"featured_media":0,"comment_status":"closed","ping_status":"closed","sticky":false,"template":"","format":"standard","meta":{"footnotes":""},"categories":[21],"tags":[],"class_list":["post-40266","post","type-post","status-publish","format-standard","hentry","category-saude"],"_links":{"self":[{"href":"https:\/\/www.corumbaonline.com.br\/news\/wp-json\/wp\/v2\/posts\/40266","targetHints":{"allow":["GET"]}}],"collection":[{"href":"https:\/\/www.corumbaonline.com.br\/news\/wp-json\/wp\/v2\/posts"}],"about":[{"href":"https:\/\/www.corumbaonline.com.br\/news\/wp-json\/wp\/v2\/types\/post"}],"author":[{"embeddable":true,"href":"https:\/\/www.corumbaonline.com.br\/news\/wp-json\/wp\/v2\/users\/1"}],"replies":[{"embeddable":true,"href":"https:\/\/www.corumbaonline.com.br\/news\/wp-json\/wp\/v2\/comments?post=40266"}],"version-history":[{"count":1,"href":"https:\/\/www.corumbaonline.com.br\/news\/wp-json\/wp\/v2\/posts\/40266\/revisions"}],"predecessor-version":[{"id":40267,"href":"https:\/\/www.corumbaonline.com.br\/news\/wp-json\/wp\/v2\/posts\/40266\/revisions\/40267"}],"wp:attachment":[{"href":"https:\/\/www.corumbaonline.com.br\/news\/wp-json\/wp\/v2\/media?parent=40266"}],"wp:term":[{"taxonomy":"category","embeddable":true,"href":"https:\/\/www.corumbaonline.com.br\/news\/wp-json\/wp\/v2\/categories?post=40266"},{"taxonomy":"post_tag","embeddable":true,"href":"https:\/\/www.corumbaonline.com.br\/news\/wp-json\/wp\/v2\/tags?post=40266"}],"curies":[{"name":"wp","href":"https:\/\/api.w.org\/{rel}","templated":true}]}}