{"id":40366,"date":"2020-04-09T12:52:00","date_gmt":"2020-04-09T16:52:00","guid":{"rendered":"http:\/\/www.corumbaonline.com.br\/news\/?p=40366"},"modified":"2020-04-13T22:49:20","modified_gmt":"2020-04-14T02:49:20","slug":"saude-capacita-profissionais-sobre-o-uso-correto-de-epi","status":"publish","type":"post","link":"https:\/\/www.corumbaonline.com.br\/news\/saude-capacita-profissionais-sobre-o-uso-correto-de-epi\/","title":{"rendered":"Sa\u00fade capacita profissionais sobre o uso correto de EPI"},"content":{"rendered":"<p align=\"justify\">Em continuidade ao processo de capacita\u00e7\u00e3o dos servidores da sa\u00fade, nos dias 07 e 08 de abril o m\u00e9dico Infectologista, Hilton Luiz Alves Filho\u00a0orientou\u00a0os profissionais do Proto Socorro Municipal (PS), Unidade de Pronto Atendimento (UPA) e do\u00a0Centro de Terapia Intensiva (CTI)\u00a0da Santa Casa de Corumb\u00e1 sobre o correto uso dos\u00a0equipamentos de\u00a0prote\u00e7\u00e3o\u00a0individual (EPI).<\/p>\n<p align=\"justify\">Foi enfatizado quanto ao uso correto para cada \u00e1rea de atendimento, al\u00e9m da coloca\u00e7\u00e3o e retirada dos equipamentos para que n\u00e3o haja contamina\u00e7\u00e3o dos ambientes e dos pr\u00f3prios profissionais.<\/p>\n<p align=\"justify\">As orienta\u00e7\u00f5es foram baseadas nas normas regulamentadoras da Organiza\u00e7\u00e3o Mundial da Sa\u00fade (OMS). Durante o treinamento, os funcion\u00e1rios aprendem sobre a utiliza\u00e7\u00e3o correta dos equipamentos, como luvas e m\u00e1scaras, al\u00e9m da forma correta de higieniza\u00e7\u00e3o, desinfec\u00e7\u00e3o de superf\u00edcies, descarte, armazenamento, entre outras medidas de seguran\u00e7a. Ap\u00f3s a explana\u00e7\u00e3o, tiraram d\u00favidas sobre os procedimentos, que vivenciam no dia a dia.<\/p>\n<p align=\"justify\">Nos pr\u00f3ximos dias os profissionais das Unidades B\u00e1sicas de Sa\u00fade tamb\u00e9m ser\u00e3o capacitados.<\/p>\n","protected":false},"excerpt":{"rendered":"<p>Em continuidade ao processo de capacita\u00e7\u00e3o dos servidores da sa\u00fade, nos dias 07 e 08&#8230;<\/p>\n","protected":false},"author":1,"featured_media":0,"comment_status":"closed","ping_status":"closed","sticky":false,"template":"","format":"standard","meta":{"footnotes":""},"categories":[21],"tags":[],"class_list":["post-40366","post","type-post","status-publish","format-standard","hentry","category-saude"],"_links":{"self":[{"href":"https:\/\/www.corumbaonline.com.br\/news\/wp-json\/wp\/v2\/posts\/40366","targetHints":{"allow":["GET"]}}],"collection":[{"href":"https:\/\/www.corumbaonline.com.br\/news\/wp-json\/wp\/v2\/posts"}],"about":[{"href":"https:\/\/www.corumbaonline.com.br\/news\/wp-json\/wp\/v2\/types\/post"}],"author":[{"embeddable":true,"href":"https:\/\/www.corumbaonline.com.br\/news\/wp-json\/wp\/v2\/users\/1"}],"replies":[{"embeddable":true,"href":"https:\/\/www.corumbaonline.com.br\/news\/wp-json\/wp\/v2\/comments?post=40366"}],"version-history":[{"count":1,"href":"https:\/\/www.corumbaonline.com.br\/news\/wp-json\/wp\/v2\/posts\/40366\/revisions"}],"predecessor-version":[{"id":40367,"href":"https:\/\/www.corumbaonline.com.br\/news\/wp-json\/wp\/v2\/posts\/40366\/revisions\/40367"}],"wp:attachment":[{"href":"https:\/\/www.corumbaonline.com.br\/news\/wp-json\/wp\/v2\/media?parent=40366"}],"wp:term":[{"taxonomy":"category","embeddable":true,"href":"https:\/\/www.corumbaonline.com.br\/news\/wp-json\/wp\/v2\/categories?post=40366"},{"taxonomy":"post_tag","embeddable":true,"href":"https:\/\/www.corumbaonline.com.br\/news\/wp-json\/wp\/v2\/tags?post=40366"}],"curies":[{"name":"wp","href":"https:\/\/api.w.org\/{rel}","templated":true}]}}