{"id":40377,"date":"2020-04-10T09:16:00","date_gmt":"2020-04-10T13:16:00","guid":{"rendered":"http:\/\/www.corumbaonline.com.br\/news\/?p=40377"},"modified":"2020-04-13T22:49:20","modified_gmt":"2020-04-14T02:49:20","slug":"bolsonaro-diz-que-vai-recorrer-de-decisao-sobre-isolamento","status":"publish","type":"post","link":"https:\/\/www.corumbaonline.com.br\/news\/bolsonaro-diz-que-vai-recorrer-de-decisao-sobre-isolamento\/","title":{"rendered":"Bolsonaro diz que vai recorrer de decis\u00e3o sobre isolamento"},"content":{"rendered":"<p>O presidente da Rep\u00fablica, Jair Bolsonaro (sem partido) disse nesta quinta-feira, dia 9, que o governo federal vai recorrer da decis\u00e3o do ministro do Supremo Tribunal Federal (STF) Alexandre de Moraes que confirmou que Estados e munic\u00edpios t\u00eam autonomia para adotar medidas de isolamento social em meio \u00e0 pandemia do novo coronav\u00edrus.<\/p>\n<p>&#8220;T\u00e1 na tela aqui na frente a decis\u00e3o de um ministro do Supremo Tribunal Federal. Tem at\u00e9 um lado positivo &#8211; a gente vai recorrer, mas tem um lado positivo. Dizendo claramente que quem \u00e9 o respons\u00e1vel por a\u00e7\u00f5es como imposi\u00e7\u00e3o de a\u00e7\u00f5es como distanciamento e isolamento social, quarentena, suspens\u00e3o de atividades &#8211; voc\u00ea que est\u00e1 sem trabalhar, n\u00e9 &#8211; bem como aulas, restri\u00e7\u00f5es de com\u00e9rcio, atividades culturais, e a circula\u00e7\u00e3o de pessoas. Quem decide isso \u00e9 o respectivo governador ou prefeito&#8221;, afirmou Bolsonaro durante a live desta quinta.<\/p>\n<p class=\"text\">Na noite de quarta, Moraes decidiu que Estados e munic\u00edpios podem omar medidas de distanciamento social independentemente de ordens contr\u00e1rias do governo federal. A decis\u00e3o representa uma derrota para o presidente, que defende o que ele chama de &#8220;isolamento vertical&#8221;, em que apenas as pessoas que pertencem a grupos de risco da covid-16 evitam sair de casa.<\/p>\n<p class=\"text\">A defesa do presidente pela retomada das atividades virou um ponto de atrito entre o mandat\u00e1rio e diversas outras autoridades, inclusive chefes de Estados e prefeituras, al\u00e9m do ministro da Sa\u00fade, Luiz Henrique Mandetta.<\/p>\n<p class=\"text\">&#8220;Ent\u00e3o a responsabilidade &#8211; se voc\u00ea tem algum problema no teu Estado, acha que a quarentena, as medidas tomadas pelo seu Estado est\u00e3o te prejudicando &#8211; o f\u00f3rum adequado para voc\u00ea reclamar \u00e9 o respectivo governador, respectivo prefeito&#8221;, comentou Bolsonaro durante a live. Na vis\u00e3o do mandat\u00e1rio, as autoridades deveriam evitar travar a economia.<\/p>\n<p class=\"text\">A decis\u00e3o do ministro do STF n\u00e3o afastou a possibilidade do governo federal tamb\u00e9m adotar medidas restritivas, apenas afirmou que o Planalto n\u00e3o tem o poder de derrubar as restri\u00e7\u00f5es impostas pelo Estado ou pelo munic\u00edpio.<\/p>\n<p class=\"text\">A decis\u00e3o reconheceu e assegurou &#8220;o exerc\u00edcio da compet\u00eancia concorrente dos governos estaduais e distrital e suplementar dos governos municipais (&#8230;); independentemente de superveni\u00eancia de ato federal em sentido contr\u00e1rio, sem preju\u00edzo da compet\u00eancia geral da uni\u00e3o para estabelecer medidas restritivas em todo o territ\u00f3rio nacional, caso entenda necess\u00e1rio.&#8221;<\/p>\n<p class=\"text\">A a\u00e7\u00e3o foi movida pela Ordem dos Advogados do Brasil (OAB), que, entre outros pleitos, pedia que Bolsonaro fosse obrigado a seguir orienta\u00e7\u00f5es da OMS e a n\u00e3o interferir em estados e munic\u00edpios. O presidente da OAB, Felipe Santa Cruz, classificou a decis\u00e3o n\u00e3o s\u00f3 como uma vit\u00f3ria da Constitui\u00e7\u00e3o e dos princ\u00edpios da Federa\u00e7\u00e3o, mas tamb\u00e9m &#8220;do bom senso&#8221;.<\/p>\n","protected":false},"excerpt":{"rendered":"<p>O presidente da Rep\u00fablica, Jair Bolsonaro (sem partido) disse nesta quinta-feira, dia 9, que o&#8230;<\/p>\n","protected":false},"author":1,"featured_media":0,"comment_status":"closed","ping_status":"closed","sticky":false,"template":"","format":"standard","meta":{"footnotes":""},"categories":[19,21],"tags":[],"class_list":["post-40377","post","type-post","status-publish","format-standard","hentry","category-politica","category-saude"],"_links":{"self":[{"href":"https:\/\/www.corumbaonline.com.br\/news\/wp-json\/wp\/v2\/posts\/40377","targetHints":{"allow":["GET"]}}],"collection":[{"href":"https:\/\/www.corumbaonline.com.br\/news\/wp-json\/wp\/v2\/posts"}],"about":[{"href":"https:\/\/www.corumbaonline.com.br\/news\/wp-json\/wp\/v2\/types\/post"}],"author":[{"embeddable":true,"href":"https:\/\/www.corumbaonline.com.br\/news\/wp-json\/wp\/v2\/users\/1"}],"replies":[{"embeddable":true,"href":"https:\/\/www.corumbaonline.com.br\/news\/wp-json\/wp\/v2\/comments?post=40377"}],"version-history":[{"count":1,"href":"https:\/\/www.corumbaonline.com.br\/news\/wp-json\/wp\/v2\/posts\/40377\/revisions"}],"predecessor-version":[{"id":40378,"href":"https:\/\/www.corumbaonline.com.br\/news\/wp-json\/wp\/v2\/posts\/40377\/revisions\/40378"}],"wp:attachment":[{"href":"https:\/\/www.corumbaonline.com.br\/news\/wp-json\/wp\/v2\/media?parent=40377"}],"wp:term":[{"taxonomy":"category","embeddable":true,"href":"https:\/\/www.corumbaonline.com.br\/news\/wp-json\/wp\/v2\/categories?post=40377"},{"taxonomy":"post_tag","embeddable":true,"href":"https:\/\/www.corumbaonline.com.br\/news\/wp-json\/wp\/v2\/tags?post=40377"}],"curies":[{"name":"wp","href":"https:\/\/api.w.org\/{rel}","templated":true}]}}