{"id":40386,"date":"2020-04-10T09:41:00","date_gmt":"2020-04-10T13:41:00","guid":{"rendered":"http:\/\/www.corumbaonline.com.br\/news\/?p=40386"},"modified":"2020-04-13T22:49:19","modified_gmt":"2020-04-14T02:49:19","slug":"morre-indio-yanomami-com-coronavirus","status":"publish","type":"post","link":"https:\/\/www.corumbaonline.com.br\/news\/morre-indio-yanomami-com-coronavirus\/","title":{"rendered":"Morre \u00edndio yanomami com coronav\u00edrus"},"content":{"rendered":"<p>Morreu na noite desta quinta-feira (9) o jovem yanomami, de 15 anos de idade, que testou positivo para a covid-19 e havia sido internado no Hospital Geral de Roraima (HGR), em Boa Vista. Desde sexta-feira (3) ele recebia cuidados em um leito de Unidade de Terapia Intensiva (UTI).<\/p>\n<p>De acordo com o Distrito Sanit\u00e1rio Especial Ind\u00edgena Yanomami (Dsei), que atende a regi\u00e3o, ele era natural da aldeia Rehebe, nos dom\u00ednios da Terra Ind\u00edgena Yanomami, mas passou a residir no munic\u00edpio de Alto Alegre, a 87 quil\u00f4metros (km) da capital. O motivo da mudan\u00e7a para a Terra Ind\u00edgena Boqueir\u00e3o foi dar continuidade aos estudos do ensino fundamental. Ainda segundo o Dsei, o adolescente morava com uma lideran\u00e7a ind\u00edgena.<\/p>\n<p>Quando o jovem apresentou os primeiros sintomas da covid-19 foi atendido no Hospital Municipal de Alto Alegre. Posteriormente, foi encaminhado ao HGR, j\u00e1 com um um quadro de S\u00edndrome Respirat\u00f3ria Aguda Grave (SRAG).\u00a0<a href=\"https:\/\/agenciabrasil.ebc.com.br\/saude\/noticia\/2020-04\/em-roraima-yanomami-testa-positivo-para-covid-19\" target=\"_blank\" rel=\"noopener noreferrer\">Ele refez o teste para diagn\u00f3stico\u00a0<\/a>da covid-19 e somente a contraprova detectou a infec\u00e7\u00e3o.<\/p>\n<h2>Subnotifica\u00e7\u00e3o<\/h2>\n<p>Entidades de defesa da causa ind\u00edgena, como o Instituto Socioambiental (ISA) e o Conselho Indigenista Mission\u00e1rio (Cimi) t\u00eam denunciado a subnotifica\u00e7\u00e3o de casos da covid-19 e demonstrado preocupa\u00e7\u00e3o quanto ao que isso pode representar de risco para as comunidades. Ambas alertam que ao menos outros dois ind\u00edgenas contaminados pelo novo coronav\u00edrus j\u00e1 foram a \u00f3bito e que o governo federal n\u00e3o registrou as ocorr\u00eancias no balan\u00e7o. Os ind\u00edgenas eram uma mulher da etnia borari, de 87 anos, que morreu em Alter do Ch\u00e3o, no munic\u00edpio de Santar\u00e9m (PA), e o outro era um homem de 55 anos, do povo Mura, morto em Manaus.<\/p>\n<p>Os \u00f3bitos ocorreram, respectivamente, no dia 19 de mar\u00e7o e 5 de abril. As circunst\u00e2ncias do falecimento da borari, considerada uma guardi\u00e3 local, motivaram o\u00a0<a href=\"http:\/\/www.mpf.mp.br\/pa\/sala-de-imprensa\/noticias-pa\/mpf-cobra-medidas-para-evitar-disseminacao-da-covid-19-em-santarem-pa\/view\" target=\"_blank\" rel=\"noopener noreferrer\">Minist\u00e9rio P\u00fablico Federal (MPF) a instaurar um inqu\u00e9rito<\/a>\u00a0no \u00faltimo dia 2.<\/p>\n<p>Em comunicado divulgado ontem (9), o Cimi disse que a Secretaria Especial de Sa\u00fade Ind\u00edgena (Sesai) n\u00e3o contabilizou as duas mortes por se tratar de ind\u00edgenas que vivem em contexto urbano.<\/p>\n<p>Na quarta-feira (8), o Minist\u00e9rio da Sa\u00fade informou que a Sesai, respons\u00e1vel pelos Dsei, ainda n\u00e3o havia sido oficialmente comunicada pelos \u00f3rg\u00e3os respons\u00e1veis sobre o caso do yanomami. O minist\u00e9rio acrescentou que o Dsei tomou conhecimento &#8220;por iniciativa pr\u00f3pria&#8221;, por meio da Vigil\u00e2ncia Epidemiol\u00f3gica.<\/p>\n<p>A Funda\u00e7\u00e3o Nacional do \u00cdndio (Funai) disse que a Sesai n\u00e3o havia confirmado o caso.<\/p>\n<p>At\u00e9 ontem (9), o relat\u00f3rio do Minist\u00e9rio da Sa\u00fade relacionava 24 casos suspeitos da covid-19 entre a popula\u00e7\u00e3o ind\u00edgena, tr\u00eas a mais do que no dia anterior. J\u00e1 as ocorr\u00eancias descartadas passaram de 27 para 31.<\/p>\n","protected":false},"excerpt":{"rendered":"<p>Morreu na noite desta quinta-feira (9) o jovem yanomami, de 15 anos de idade, que&#8230;<\/p>\n","protected":false},"author":1,"featured_media":0,"comment_status":"closed","ping_status":"closed","sticky":false,"template":"","format":"standard","meta":{"footnotes":""},"categories":[21],"tags":[],"class_list":["post-40386","post","type-post","status-publish","format-standard","hentry","category-saude"],"_links":{"self":[{"href":"https:\/\/www.corumbaonline.com.br\/news\/wp-json\/wp\/v2\/posts\/40386","targetHints":{"allow":["GET"]}}],"collection":[{"href":"https:\/\/www.corumbaonline.com.br\/news\/wp-json\/wp\/v2\/posts"}],"about":[{"href":"https:\/\/www.corumbaonline.com.br\/news\/wp-json\/wp\/v2\/types\/post"}],"author":[{"embeddable":true,"href":"https:\/\/www.corumbaonline.com.br\/news\/wp-json\/wp\/v2\/users\/1"}],"replies":[{"embeddable":true,"href":"https:\/\/www.corumbaonline.com.br\/news\/wp-json\/wp\/v2\/comments?post=40386"}],"version-history":[{"count":1,"href":"https:\/\/www.corumbaonline.com.br\/news\/wp-json\/wp\/v2\/posts\/40386\/revisions"}],"predecessor-version":[{"id":40387,"href":"https:\/\/www.corumbaonline.com.br\/news\/wp-json\/wp\/v2\/posts\/40386\/revisions\/40387"}],"wp:attachment":[{"href":"https:\/\/www.corumbaonline.com.br\/news\/wp-json\/wp\/v2\/media?parent=40386"}],"wp:term":[{"taxonomy":"category","embeddable":true,"href":"https:\/\/www.corumbaonline.com.br\/news\/wp-json\/wp\/v2\/categories?post=40386"},{"taxonomy":"post_tag","embeddable":true,"href":"https:\/\/www.corumbaonline.com.br\/news\/wp-json\/wp\/v2\/tags?post=40386"}],"curies":[{"name":"wp","href":"https:\/\/api.w.org\/{rel}","templated":true}]}}